{"id":5897,"date":"2023-09-11T11:29:43","date_gmt":"2023-09-11T14:29:43","guid":{"rendered":"https:\/\/focotocantinense.com.br\/?p=5897"},"modified":"2023-09-11T11:31:32","modified_gmt":"2023-09-11T14:31:32","slug":"comitiva-do-gt-faz-sucesso-na-cavalgada-2023-de-formoso-do-araguaia","status":"publish","type":"post","link":"https:\/\/focotocantinense.com.br\/?p=5897","title":{"rendered":"Comitiva do GT faz sucesso na Cavalgada 2023 de Formoso do Araguaia"},"content":{"rendered":"\n<p>A cidade de Formoso do Araguaia testemunhou um evento memor\u00e1vel no \u00faltimo s\u00e1bado, 09 de setembro, durante a aguardada Cavalgada 2023. O destaque da ocasi\u00e3o foi a vibrante participa\u00e7\u00e3o da Comitiva do GT, que conquistou a aten\u00e7\u00e3o de todos os presentes e tornou o dia inesquec\u00edvel.<\/p>\n\n\n\n<p>Idealizada pelo deputado estadual Gutierres Torquato, a Comitiva do GT tem se destacado, com uma presen\u00e7a marcante em v\u00e1rias cavalgadas e eventos culturais do sul do estado, enriquecendo a celebra\u00e7\u00e3o da cultura local e fortalecendo o agroneg\u00f3cio regional. Em Formoso do Araguaia a Comitiva do GT s\u00f3 se tornou poss\u00edvel gra\u00e7as a parceria com o l\u00edder Guilherme Gama.<\/p>\n\n\n\n<p>A Comitiva do GT em Formoso do Araguaia foi um verdadeiro sucesso, com uma deliciosa churrascada ea anima\u00e7\u00e3o de um trio com atra\u00e7\u00f5es musicais, que levantou poeira.<\/p>\n\n\n\n<p>O deputado Gutierres Torquato destacou a import\u00e2ncia da cultura e do agroneg\u00f3cio nas cavalgadas: &#8220;Onde tem cavalgada, tem festa de verdade, e a Comitiva do GT tem participado de diversas cavalgadas, valorizando a cultura local e o agroneg\u00f3cio.&#8221;<\/p>\n\n\n\n<p>A presen\u00e7a da Comitiva do GT trouxe um toque especial ao evento, reunindo muitas pessoas que compartilharam momentos de alegria, amizade e celebra\u00e7\u00e3o.<\/p>\n\n\n\n<p>Este foi mais um marco na trajet\u00f3ria da Comitiva do GT, que continua firme em sua miss\u00e3o de contribuir para o fortalecimento da cultura e do agroneg\u00f3cio por todo o Tocantins.<\/p>\n\n\n\n<figure class=\"wp-block-image size-full\"><img loading=\"lazy\" decoding=\"async\" width=\"1019\" height=\"599\" src=\"https:\/\/focotocantinense.com.br\/wp-content\/uploads\/2023\/09\/1-GUTIERRES.jpg\" alt=\"\" class=\"wp-image-5899\" srcset=\"https:\/\/focotocantinense.com.br\/wp-content\/uploads\/2023\/09\/1-GUTIERRES.jpg 1019w, https:\/\/focotocantinense.com.br\/wp-content\/uploads\/2023\/09\/1-GUTIERRES-300x176.jpg 300w, https:\/\/focotocantinense.com.br\/wp-content\/uploads\/2023\/09\/1-GUTIERRES-768x451.jpg 768w\" sizes=\"auto, (max-width: 1019px) 100vw, 1019px\" \/><\/figure>\n\n\n\n<p>.<\/p>\n\n\n\n<p><\/p>\n\n\n\n<p>.<\/p>\n\n\n\n<figure class=\"wp-block-image\"><img decoding=\"async\" src=\"http:\/\/n1to.com.br\/img\/uploads\/yyy_2.jpg\" alt=\"\"\/><\/figure>\n\n\n\n<figure class=\"wp-block-image is-resized\"><img loading=\"lazy\" decoding=\"async\" src=\"http:\/\/n1to.com.br\/img\/uploads\/2_GUTIERRES_3.jpg\" alt=\"\" style=\"width:720px;height:546px\" width=\"720\" height=\"546\"\/><\/figure>\n\n\n\n<figure class=\"wp-block-image is-resized\"><img loading=\"lazy\" decoding=\"async\" src=\"http:\/\/n1to.com.br\/img\/uploads\/VINI_147.jpg\" alt=\"\" style=\"width:593px;height:179px\" width=\"593\" height=\"179\"\/><\/figure>\n","protected":false},"excerpt":{"rendered":"<p>A cidade de Formoso do Araguaia testemunhou um evento memor\u00e1vel no \u00faltimo s\u00e1bado, 09 de setembro, durante a aguardada Cavalgada 2023. O destaque da ocasi\u00e3o foi a vibrante participa\u00e7\u00e3o da Comitiva do GT, que conquistou a aten\u00e7\u00e3o de todos os presentes e tornou o dia inesquec\u00edvel. Idealizada pelo deputado estadual Gutierres Torquato, a Comitiva do &hellip;<\/p>\n","protected":false},"author":5,"featured_media":5899,"comment_status":"open","ping_status":"open","sticky":false,"template":"","format":"standard","meta":{"footnotes":""},"categories":[51],"tags":[],"class_list":["post-5897","post","type-post","status-publish","format-standard","has-post-thumbnail","","category-formoso-do-araguaia"],"_links":{"self":[{"href":"https:\/\/focotocantinense.com.br\/index.php?rest_route=\/wp\/v2\/posts\/5897","targetHints":{"allow":["GET"]}}],"collection":[{"href":"https:\/\/focotocantinense.com.br\/index.php?rest_route=\/wp\/v2\/posts"}],"about":[{"href":"https:\/\/focotocantinense.com.br\/index.php?rest_route=\/wp\/v2\/types\/post"}],"author":[{"embeddable":true,"href":"https:\/\/focotocantinense.com.br\/index.php?rest_route=\/wp\/v2\/users\/5"}],"replies":[{"embeddable":true,"href":"https:\/\/focotocantinense.com.br\/index.php?rest_route=%2Fwp%2Fv2%2Fcomments&post=5897"}],"version-history":[{"count":2,"href":"https:\/\/focotocantinense.com.br\/index.php?rest_route=\/wp\/v2\/posts\/5897\/revisions"}],"predecessor-version":[{"id":5901,"href":"https:\/\/focotocantinense.com.br\/index.php?rest_route=\/wp\/v2\/posts\/5897\/revisions\/5901"}],"wp:featuredmedia":[{"embeddable":true,"href":"https:\/\/focotocantinense.com.br\/index.php?rest_route=\/wp\/v2\/media\/5899"}],"wp:attachment":[{"href":"https:\/\/focotocantinense.com.br\/index.php?rest_route=%2Fwp%2Fv2%2Fmedia&parent=5897"}],"wp:term":[{"taxonomy":"category","embeddable":true,"href":"https:\/\/focotocantinense.com.br\/index.php?rest_route=%2Fwp%2Fv2%2Fcategories&post=5897"},{"taxonomy":"post_tag","embeddable":true,"href":"https:\/\/focotocantinense.com.br\/index.php?rest_route=%2Fwp%2Fv2%2Ftags&post=5897"}],"curies":[{"name":"wp","href":"https:\/\/api.w.org\/{rel}","templated":true}]}}