{"id":5845,"date":"2023-09-01T16:46:29","date_gmt":"2023-09-01T19:46:29","guid":{"rendered":"https:\/\/focotocantinense.com.br\/?p=5845"},"modified":"2023-09-01T16:58:36","modified_gmt":"2023-09-01T19:58:36","slug":"acao-cidade-leitora-chega-ao-setor-aeroporto-em-tocantinia","status":"publish","type":"post","link":"https:\/\/focotocantinense.com.br\/?p=5845","title":{"rendered":"A\u00e7\u00e3o Cidade Leitora chega ao setor Aeroporto em Tocant\u00ednia"},"content":{"rendered":"\n<p><strong>Por Zacarias Martins<\/strong><\/p>\n\n\n\n<p>A Prefeitura &nbsp;de Tocant\u00ednia, por meio da Secretaria Municipal de Educa\u00e7\u00e3o (Semed), realizou na tarde de quinta-feira, 31,&nbsp; na comunidade do setor Aeroporto, mais uma edi\u00e7\u00e3o da a\u00e7\u00e3o Cidade Leitora,&nbsp; que integra o projeto Leitura Viva.<\/p>\n\n\n\n<p>De acordo com a professora Carmen L\u00facia Dias de Oliveira, coordenadora da a\u00e7\u00e3o Cidade Leitora,&nbsp; o objetivo dessa iniciativa \u00e9 a promo\u00e7\u00e3o e &nbsp;intera\u00e7\u00e3o da diversidade social, cultural no desenvolvimento da aprendizagem, sempre se utilizando de abordagens l\u00fadicas visando estimular o salutar h\u00e1bito da leitura, especialmente, entre o p\u00fablico infantil.<\/p>\n\n\n\n<p>Ela tamb\u00e9m ressalta que as atividades colocadas em pr\u00e1tica visam atender n\u00e3o somente o p\u00fablico infantil, mas, tamb\u00e9m, toda a comunidade onde essa a\u00e7\u00e3o \u00e9 desenvolvida.<\/p>\n\n\n\n<p><strong>Projeto Leitura Viva<\/strong><\/p>\n\n\n\n<p>J\u00e1 o professor Andr\u00e9 Goveia, secret\u00e1rio de Educa\u00e7\u00e3o de Tocant\u00ednia,&nbsp; explica que o Projeto Leitura Viva, por meio da a\u00e7\u00e3o Cidade Leitora, visita a todos os setores da cidade, bem como, &nbsp;aldeias, povoados e assentamentos, enfatizando que a &nbsp;equipe da Semed&nbsp; envolvida nessa a\u00e7\u00e3o busca proporcionar a todos, momentos&nbsp; agrad\u00e1veis de &nbsp;leitura, conta\u00e7\u00e3o de hist\u00f3rias, causos, cantigas de rodas, recita\u00e7\u00e3o de poesias e muito conhecimento.<\/p>\n\n\n\n<p>\u201cEssa a\u00e7\u00e3o \u00e9 t\u00e3o significativa na promo\u00e7\u00e3o de um olhar no despertar dos valores culturais, atrav\u00e9s da viv\u00eancia familiar, social e pessoal. Entendemos que o conhecimento \u00e9 transformador da perspectiva do leitor para o mundo\u201d, finalizou o secret\u00e1rio de Educa\u00e7\u00e3o.<\/p>\n\n\n\n<figure class=\"wp-block-image size-full is-resized\"><img loading=\"lazy\" decoding=\"async\" src=\"https:\/\/focotocantinense.com.br\/wp-content\/uploads\/2023\/09\/image.png\" alt=\"\" class=\"wp-image-5847\" style=\"width:406px;height:153px\" width=\"406\" height=\"153\"\/><\/figure>\n\n\n\n<figure class=\"wp-block-image size-large\"><img loading=\"lazy\" decoding=\"async\" width=\"1024\" height=\"691\" src=\"https:\/\/focotocantinense.com.br\/wp-content\/uploads\/2023\/09\/image-1-1024x691.png\" alt=\"\" class=\"wp-image-5851\" srcset=\"https:\/\/focotocantinense.com.br\/wp-content\/uploads\/2023\/09\/image-1-1024x691.png 1024w, https:\/\/focotocantinense.com.br\/wp-content\/uploads\/2023\/09\/image-1-300x203.png 300w, https:\/\/focotocantinense.com.br\/wp-content\/uploads\/2023\/09\/image-1-768x518.png 768w, https:\/\/focotocantinense.com.br\/wp-content\/uploads\/2023\/09\/image-1-1536x1037.png 1536w, https:\/\/focotocantinense.com.br\/wp-content\/uploads\/2023\/09\/image-1-110x75.png 110w, https:\/\/focotocantinense.com.br\/wp-content\/uploads\/2023\/09\/image-1.png 1600w\" sizes=\"auto, (max-width: 1024px) 100vw, 1024px\" \/><\/figure>\n\n\n\n<figure class=\"wp-block-image size-large\"><img loading=\"lazy\" decoding=\"async\" width=\"1024\" height=\"530\" src=\"https:\/\/focotocantinense.com.br\/wp-content\/uploads\/2023\/09\/principal-1024x530.jpg\" alt=\"\" class=\"wp-image-5854\" srcset=\"https:\/\/focotocantinense.com.br\/wp-content\/uploads\/2023\/09\/principal-1024x530.jpg 1024w, https:\/\/focotocantinense.com.br\/wp-content\/uploads\/2023\/09\/principal-300x155.jpg 300w, https:\/\/focotocantinense.com.br\/wp-content\/uploads\/2023\/09\/principal-768x398.jpg 768w, https:\/\/focotocantinense.com.br\/wp-content\/uploads\/2023\/09\/principal.jpg 1083w\" sizes=\"auto, (max-width: 1024px) 100vw, 1024px\" \/><\/figure>\n\n\n\n<figure class=\"wp-block-image size-full\"><img loading=\"lazy\" decoding=\"async\" width=\"640\" height=\"193\" src=\"https:\/\/focotocantinense.com.br\/wp-content\/uploads\/2023\/08\/VINI-8.jpg\" alt=\"\" class=\"wp-image-5819\" srcset=\"https:\/\/focotocantinense.com.br\/wp-content\/uploads\/2023\/08\/VINI-8.jpg 640w, https:\/\/focotocantinense.com.br\/wp-content\/uploads\/2023\/08\/VINI-8-300x90.jpg 300w\" sizes=\"auto, (max-width: 640px) 100vw, 640px\" \/><\/figure>\n","protected":false},"excerpt":{"rendered":"<p>Por Zacarias Martins A Prefeitura &nbsp;de Tocant\u00ednia, por meio da Secretaria Municipal de Educa\u00e7\u00e3o (Semed), realizou na tarde de quinta-feira, 31,&nbsp; na comunidade do setor Aeroporto, mais uma edi\u00e7\u00e3o da a\u00e7\u00e3o Cidade Leitora,&nbsp; que integra o projeto Leitura Viva. De acordo com a professora Carmen L\u00facia Dias de Oliveira, coordenadora da a\u00e7\u00e3o Cidade Leitora,&nbsp; o &hellip;<\/p>\n","protected":false},"author":5,"featured_media":5846,"comment_status":"open","ping_status":"open","sticky":false,"template":"","format":"standard","meta":{"footnotes":""},"categories":[78],"tags":[],"class_list":["post-5845","post","type-post","status-publish","format-standard","has-post-thumbnail","","category-tocantinia"],"_links":{"self":[{"href":"https:\/\/focotocantinense.com.br\/index.php?rest_route=\/wp\/v2\/posts\/5845","targetHints":{"allow":["GET"]}}],"collection":[{"href":"https:\/\/focotocantinense.com.br\/index.php?rest_route=\/wp\/v2\/posts"}],"about":[{"href":"https:\/\/focotocantinense.com.br\/index.php?rest_route=\/wp\/v2\/types\/post"}],"author":[{"embeddable":true,"href":"https:\/\/focotocantinense.com.br\/index.php?rest_route=\/wp\/v2\/users\/5"}],"replies":[{"embeddable":true,"href":"https:\/\/focotocantinense.com.br\/index.php?rest_route=%2Fwp%2Fv2%2Fcomments&post=5845"}],"version-history":[{"count":4,"href":"https:\/\/focotocantinense.com.br\/index.php?rest_route=\/wp\/v2\/posts\/5845\/revisions"}],"predecessor-version":[{"id":5855,"href":"https:\/\/focotocantinense.com.br\/index.php?rest_route=\/wp\/v2\/posts\/5845\/revisions\/5855"}],"wp:featuredmedia":[{"embeddable":true,"href":"https:\/\/focotocantinense.com.br\/index.php?rest_route=\/wp\/v2\/media\/5846"}],"wp:attachment":[{"href":"https:\/\/focotocantinense.com.br\/index.php?rest_route=%2Fwp%2Fv2%2Fmedia&parent=5845"}],"wp:term":[{"taxonomy":"category","embeddable":true,"href":"https:\/\/focotocantinense.com.br\/index.php?rest_route=%2Fwp%2Fv2%2Fcategories&post=5845"},{"taxonomy":"post_tag","embeddable":true,"href":"https:\/\/focotocantinense.com.br\/index.php?rest_route=%2Fwp%2Fv2%2Ftags&post=5845"}],"curies":[{"name":"wp","href":"https:\/\/api.w.org\/{rel}","templated":true}]}}