{"id":5842,"date":"2023-09-01T07:22:00","date_gmt":"2023-09-01T10:22:00","guid":{"rendered":"https:\/\/focotocantinense.com.br\/?p=5842"},"modified":"2023-09-01T07:22:01","modified_gmt":"2023-09-01T10:22:01","slug":"em-palmas-antonio-andrade-prestigia-lancamento-oficial-do-novo-programa-minha-casa-minha-vida-no-tocantins","status":"publish","type":"post","link":"https:\/\/focotocantinense.com.br\/?p=5842","title":{"rendered":"Em Palmas, Antonio Andrade prestigia lan\u00e7amento oficial do novo programa Minha Casa Minha Vida no Tocantins"},"content":{"rendered":"\n<p>Programa prev\u00ea entregar mais de 8 mil unidades habitacionais no Estado at\u00e9 2026<\/p>\n\n\n\n<p>O deputado federal Antonio Andrade (Republicanos), esteve nesta quinta-feira, 31 de agosto, na capital Palmas, prestigiando o lan\u00e7amento no Tocantins do maior programa de moradias populares do pa\u00eds, o Minha Casa Minha Vida, do governo federal.<\/p>\n\n\n\n<p>A solenidade foi realizada no audit\u00f3rio do Pal\u00e1cio Araguaia Jos\u00e9 Wilson Siqueira Campos, e na ocasi\u00e3o, o governador Wanderlei Barbosa anunciou juntamente com o ministro das cidades, Jader Barbalho Filho, mais de 8 mil unidades habitacionais do programa no Estado.<\/p>\n\n\n\n<p>Em sua fala, Antonio Andrade, ressaltou a import\u00e2ncia deste momento para o Tocantins. \u201cEste lan\u00e7amento \u00e9 de grande relev\u00e2ncia para quem sonha com uma casa pr\u00f3pria, pois o programa facilita esse acesso. Com a amplia\u00e7\u00e3o das faixas de renda, redu\u00e7\u00e3o de taxas e aumento do subs\u00eddio para aquisi\u00e7\u00e3o dos im\u00f3veis, o sonho da casa pr\u00f3pria se tornar\u00e1 real para milhares de fam\u00edlias. \u00c9 um feito hist\u00f3rico que trar\u00e1 qualidade de vida para a popula\u00e7\u00e3o, e pelos motivos j\u00e1 mencionados tem meu total apoio\u201d, explicou o parlamentar.<\/p>\n\n\n\n<p>Sobre o Minha Casa Minha Vida<\/p>\n\n\n\n<p>Gerido pelo Minist\u00e9rio das Cidades, o programa foi criado em 2009 e descontinuado em 2020, passando a se Chamar Casa Verde e Amarela, no governo do ex-presidente Jair Bolsonaro. Na \u00e9poca, diversos crit\u00e9rios sofreram altera\u00e7\u00f5es.<br>Conforme Lei sancionada pelo presidente Luiz In\u00e1cio Lula da Silva, as faixas de renda foram ampliadas para fam\u00edlias com renda de at\u00e9 R$ 8.000 em \u00e1reas urbanas. Em \u00e1reas rurais, as fam\u00edlias podem ter renda anual de R$ 96 mil. Os benefici\u00e1rios podem ser contemplados com unidades constru\u00eddas com recursos da Uni\u00e3o ou financiadas.<\/p>\n\n\n\n<p>Assessoria de Comunica\u00e7\u00e3o\/ Deputado Federal Antonio Andrade<\/p>\n","protected":false},"excerpt":{"rendered":"<p>Programa prev\u00ea entregar mais de 8 mil unidades habitacionais no Estado at\u00e9 2026 O deputado federal Antonio Andrade (Republicanos), esteve nesta quinta-feira, 31 de agosto, na capital Palmas, prestigiando o lan\u00e7amento no Tocantins do maior programa de moradias populares do pa\u00eds, o Minha Casa Minha Vida, do governo federal. A solenidade foi realizada no audit\u00f3rio &hellip;<\/p>\n","protected":false},"author":5,"featured_media":5843,"comment_status":"open","ping_status":"open","sticky":false,"template":"","format":"standard","meta":{"footnotes":""},"categories":[1],"tags":[],"class_list":["post-5842","post","type-post","status-publish","format-standard","has-post-thumbnail","","category-sem-categoria"],"_links":{"self":[{"href":"https:\/\/focotocantinense.com.br\/index.php?rest_route=\/wp\/v2\/posts\/5842","targetHints":{"allow":["GET"]}}],"collection":[{"href":"https:\/\/focotocantinense.com.br\/index.php?rest_route=\/wp\/v2\/posts"}],"about":[{"href":"https:\/\/focotocantinense.com.br\/index.php?rest_route=\/wp\/v2\/types\/post"}],"author":[{"embeddable":true,"href":"https:\/\/focotocantinense.com.br\/index.php?rest_route=\/wp\/v2\/users\/5"}],"replies":[{"embeddable":true,"href":"https:\/\/focotocantinense.com.br\/index.php?rest_route=%2Fwp%2Fv2%2Fcomments&post=5842"}],"version-history":[{"count":1,"href":"https:\/\/focotocantinense.com.br\/index.php?rest_route=\/wp\/v2\/posts\/5842\/revisions"}],"predecessor-version":[{"id":5844,"href":"https:\/\/focotocantinense.com.br\/index.php?rest_route=\/wp\/v2\/posts\/5842\/revisions\/5844"}],"wp:featuredmedia":[{"embeddable":true,"href":"https:\/\/focotocantinense.com.br\/index.php?rest_route=\/wp\/v2\/media\/5843"}],"wp:attachment":[{"href":"https:\/\/focotocantinense.com.br\/index.php?rest_route=%2Fwp%2Fv2%2Fmedia&parent=5842"}],"wp:term":[{"taxonomy":"category","embeddable":true,"href":"https:\/\/focotocantinense.com.br\/index.php?rest_route=%2Fwp%2Fv2%2Fcategories&post=5842"},{"taxonomy":"post_tag","embeddable":true,"href":"https:\/\/focotocantinense.com.br\/index.php?rest_route=%2Fwp%2Fv2%2Ftags&post=5842"}],"curies":[{"name":"wp","href":"https:\/\/api.w.org\/{rel}","templated":true}]}}