{"id":5839,"date":"2023-08-31T07:15:53","date_gmt":"2023-08-31T10:15:53","guid":{"rendered":"https:\/\/focotocantinense.com.br\/?p=5839"},"modified":"2023-08-31T07:15:54","modified_gmt":"2023-08-31T10:15:54","slug":"deputado-federal-antonio-andrade-vota-favoravel-ao-piso-salarial-da-fisioterapia","status":"publish","type":"post","link":"https:\/\/focotocantinense.com.br\/?p=5839","title":{"rendered":"Deputado Federal Antonio Andrade vota favor\u00e1vel ao Piso Salarial da Fisioterapia"},"content":{"rendered":"\n<p><\/p>\n\n\n\n<p>O projeto busca valorizar os profissionais e estabelecer um padr\u00e3o justo de remunera\u00e7\u00e3o na \u00e1rea da fisioterapia<\/p>\n\n\n\n<p>Antonio Andrade, deputado federal pelo Republicanos, demonstrou seu apoio aos profissionais da \u00e1rea da fisioterapia ao votar a favor do projeto que estabelece o piso salarial para essa categoria. A medida tem como objetivo principal valorizar o trabalho desses profissionais e garantir uma remunera\u00e7\u00e3o justa pelo seu empenho e dedica\u00e7\u00e3o.<\/p>\n\n\n\n<p>O projeto, que foi discutido na Comiss\u00e3o de Sa\u00fade nesta quarta-feira, 30 de agosto, recebeu amplo apoio dos parlamentares e de diversas entidades ligadas \u00e0 categoria.<\/p>\n\n\n\n<p>O parlamentar, reconhecendo a import\u00e2ncia da fisioterapia para a reabilita\u00e7\u00e3o e o bem-estar dos pacientes, votou favor\u00e1vel na proposta.<\/p>\n\n\n\n<p>&#8220;A fisioterapia desempenha um papel fundamental na recupera\u00e7\u00e3o de pessoas que passaram por les\u00f5es, cirurgias ou t\u00eam condi\u00e7\u00f5es de sa\u00fade que afetam sua qualidade de vida. Reconhecer o valor desses profissionais atrav\u00e9s de um piso salarial adequado \u00e9 um passo essencial para garantir que eles possam continuar exercendo sua profiss\u00e3o de maneira digna e eficaz&#8221;, afirmou o parlamentar.<\/p>\n\n\n\n<p>O projeto segue agora para a Comiss\u00e3o de Constitui\u00e7\u00e3o, Justi\u00e7a e Cidadania (CCJC) e da Comiss\u00e3o de Finan\u00e7as e Tributa\u00e7\u00e3o (CFT). Caso seja aprovado, estabelecer\u00e1 um valor m\u00ednimo que os profissionais da fisioterapia devem receber como remunera\u00e7\u00e3o, proporcionando maior seguran\u00e7a financeira e incentivando a qualifica\u00e7\u00e3o cont\u00ednua nessa \u00e1rea.<\/p>\n\n\n\n<p>Diversos representantes da classe de fisioterapeutas estiveram presentes no plen\u00e1rio para acompanhar a vota\u00e7\u00e3o e expressar seu apoio \u00e0 iniciativa. Eles enfatizaram a import\u00e2ncia de reconhecer o trabalho \u00e1rduo e a expertise desses profissionais, que desempenham um papel crucial na recupera\u00e7\u00e3o e na promo\u00e7\u00e3o da sa\u00fade de milhares de pessoas.<\/p>\n\n\n\n<p>Assessoria de Comunica\u00e7\u00e3o \u2013 Deputado Federal Antonio Andrade<\/p>\n","protected":false},"excerpt":{"rendered":"<p>O projeto busca valorizar os profissionais e estabelecer um padr\u00e3o justo de remunera\u00e7\u00e3o na \u00e1rea da fisioterapia Antonio Andrade, deputado federal pelo Republicanos, demonstrou seu apoio aos profissionais da \u00e1rea da fisioterapia ao votar a favor do projeto que estabelece o piso salarial para essa categoria. A medida tem como objetivo principal valorizar o trabalho &hellip;<\/p>\n","protected":false},"author":5,"featured_media":5840,"comment_status":"open","ping_status":"open","sticky":false,"template":"","format":"standard","meta":{"footnotes":""},"categories":[1],"tags":[],"class_list":["post-5839","post","type-post","status-publish","format-standard","has-post-thumbnail","","category-sem-categoria"],"_links":{"self":[{"href":"https:\/\/focotocantinense.com.br\/index.php?rest_route=\/wp\/v2\/posts\/5839","targetHints":{"allow":["GET"]}}],"collection":[{"href":"https:\/\/focotocantinense.com.br\/index.php?rest_route=\/wp\/v2\/posts"}],"about":[{"href":"https:\/\/focotocantinense.com.br\/index.php?rest_route=\/wp\/v2\/types\/post"}],"author":[{"embeddable":true,"href":"https:\/\/focotocantinense.com.br\/index.php?rest_route=\/wp\/v2\/users\/5"}],"replies":[{"embeddable":true,"href":"https:\/\/focotocantinense.com.br\/index.php?rest_route=%2Fwp%2Fv2%2Fcomments&post=5839"}],"version-history":[{"count":1,"href":"https:\/\/focotocantinense.com.br\/index.php?rest_route=\/wp\/v2\/posts\/5839\/revisions"}],"predecessor-version":[{"id":5841,"href":"https:\/\/focotocantinense.com.br\/index.php?rest_route=\/wp\/v2\/posts\/5839\/revisions\/5841"}],"wp:featuredmedia":[{"embeddable":true,"href":"https:\/\/focotocantinense.com.br\/index.php?rest_route=\/wp\/v2\/media\/5840"}],"wp:attachment":[{"href":"https:\/\/focotocantinense.com.br\/index.php?rest_route=%2Fwp%2Fv2%2Fmedia&parent=5839"}],"wp:term":[{"taxonomy":"category","embeddable":true,"href":"https:\/\/focotocantinense.com.br\/index.php?rest_route=%2Fwp%2Fv2%2Fcategories&post=5839"},{"taxonomy":"post_tag","embeddable":true,"href":"https:\/\/focotocantinense.com.br\/index.php?rest_route=%2Fwp%2Fv2%2Ftags&post=5839"}],"curies":[{"name":"wp","href":"https:\/\/api.w.org\/{rel}","templated":true}]}}