{"id":5823,"date":"2023-08-29T13:01:26","date_gmt":"2023-08-29T16:01:26","guid":{"rendered":"https:\/\/focotocantinense.com.br\/?p=5823"},"modified":"2023-08-29T13:01:27","modified_gmt":"2023-08-29T16:01:27","slug":"antonio-andrade-se-reune-com-governador-wanderlei-barbosa-e-discute-demandas-de-porto-nacional","status":"publish","type":"post","link":"https:\/\/focotocantinense.com.br\/?p=5823","title":{"rendered":"Antonio Andrade se re\u00fane com governador Wanderlei Barbosa e discute demandas de Porto Nacional"},"content":{"rendered":"\n<p><\/p>\n\n\n\n<p>O encontro com agenda positiva, teve por finalidade estabelecer parcerias que beneficiem o munic\u00edpio<\/p>\n\n\n\n<p>Com vistas a discutir demandas importantes de Porto Nacional, o deputado federal Antonio Andrade (Republicanos), se reuniu nesta quinta-feira, 24, com o governador do Tocantins, Wanderlei Barbosa. Em pauta, a sa\u00fade, um tema recorrente.<\/p>\n\n\n\n<p>Dentre os assuntos debatidos relacionados \u00e0 sa\u00fade de Porto Nacional, o deputado reiterou o pedido de uma aten\u00e7\u00e3o especial a APAE do munic\u00edpio, bem como outros investimentos que visam ofertar \u00e0 popula\u00e7\u00e3o uma sa\u00fade digna e humanizada.<\/p>\n\n\n\n<p>Antonio Andrade, ressaltou seu compromisso de trabalhar em conjunto com o governo. \u201cEstamos unidos em um mesmo prop\u00f3sito, que \u00e9 fazer com que Porto Nacional d\u00ea um salto de desenvolvimento. E isso, inclui garantir \u00e0 popula\u00e7\u00e3o uma maior qualidade de vida, com sa\u00fade adequada. Porto tem um potencial enorme, mas precisa de pol\u00edticas p\u00fablicas que potencializem isso. Atrav\u00e9s de di\u00e1logos construtivos e a\u00e7\u00f5es efetivas, transformaremos as demandas em realiza\u00e7\u00f5es, viabilizando investimentos que melhorem a vida da popula\u00e7\u00e3o\u201d, pontuou o parlamentar.<\/p>\n\n\n\n<p>Assessoria de Comunica\u00e7\u00e3o\/ Deputado Federal Antonio Andrade<\/p>\n","protected":false},"excerpt":{"rendered":"<p>O encontro com agenda positiva, teve por finalidade estabelecer parcerias que beneficiem o munic\u00edpio Com vistas a discutir demandas importantes de Porto Nacional, o deputado federal Antonio Andrade (Republicanos), se reuniu nesta quinta-feira, 24, com o governador do Tocantins, Wanderlei Barbosa. Em pauta, a sa\u00fade, um tema recorrente. Dentre os assuntos debatidos relacionados \u00e0 sa\u00fade &hellip;<\/p>\n","protected":false},"author":5,"featured_media":5824,"comment_status":"open","ping_status":"open","sticky":false,"template":"","format":"standard","meta":{"footnotes":""},"categories":[1],"tags":[],"class_list":["post-5823","post","type-post","status-publish","format-standard","has-post-thumbnail","","category-sem-categoria"],"_links":{"self":[{"href":"https:\/\/focotocantinense.com.br\/index.php?rest_route=\/wp\/v2\/posts\/5823","targetHints":{"allow":["GET"]}}],"collection":[{"href":"https:\/\/focotocantinense.com.br\/index.php?rest_route=\/wp\/v2\/posts"}],"about":[{"href":"https:\/\/focotocantinense.com.br\/index.php?rest_route=\/wp\/v2\/types\/post"}],"author":[{"embeddable":true,"href":"https:\/\/focotocantinense.com.br\/index.php?rest_route=\/wp\/v2\/users\/5"}],"replies":[{"embeddable":true,"href":"https:\/\/focotocantinense.com.br\/index.php?rest_route=%2Fwp%2Fv2%2Fcomments&post=5823"}],"version-history":[{"count":1,"href":"https:\/\/focotocantinense.com.br\/index.php?rest_route=\/wp\/v2\/posts\/5823\/revisions"}],"predecessor-version":[{"id":5825,"href":"https:\/\/focotocantinense.com.br\/index.php?rest_route=\/wp\/v2\/posts\/5823\/revisions\/5825"}],"wp:featuredmedia":[{"embeddable":true,"href":"https:\/\/focotocantinense.com.br\/index.php?rest_route=\/wp\/v2\/media\/5824"}],"wp:attachment":[{"href":"https:\/\/focotocantinense.com.br\/index.php?rest_route=%2Fwp%2Fv2%2Fmedia&parent=5823"}],"wp:term":[{"taxonomy":"category","embeddable":true,"href":"https:\/\/focotocantinense.com.br\/index.php?rest_route=%2Fwp%2Fv2%2Fcategories&post=5823"},{"taxonomy":"post_tag","embeddable":true,"href":"https:\/\/focotocantinense.com.br\/index.php?rest_route=%2Fwp%2Fv2%2Ftags&post=5823"}],"curies":[{"name":"wp","href":"https:\/\/api.w.org\/{rel}","templated":true}]}}