{"id":5810,"date":"2023-08-26T22:11:29","date_gmt":"2023-08-27T01:11:29","guid":{"rendered":"https:\/\/focotocantinense.com.br\/?p=5810"},"modified":"2023-08-26T22:18:06","modified_gmt":"2023-08-27T01:18:06","slug":"instituto-gratidao-tocantins-promove-acao-de-inclusao-e-empreendedorismo-em-alianca","status":"publish","type":"post","link":"https:\/\/focotocantinense.com.br\/?p=5810","title":{"rendered":"Instituto Gratid\u00e3o Tocantins promove A\u00e7\u00e3o de Inclus\u00e3o e Empreendedorismo em Alian\u00e7a"},"content":{"rendered":"\n<p>Neste s\u00e1bado, 26 de agosto, a cidade de Alian\u00e7a do Tocantins recebeu a visita do Deputado Estadual Gutierres Torquato, que participou da \u201cA\u00e7\u00e3o de Inclus\u00e3o e Empreendedorismo\u201d, organizada em parceria com o Instituto Gratid\u00e3o Tocantins, o Governo do Estado do Tocantins, Sebrae, Sesi SENAI , Fieto, dentre outros. O evento, que aconteceu durante todo o dia no Col\u00e9gio Estadual Anita Cassimiro Moreno, teve como objetivo levar benef\u00edcios e servi\u00e7os gratuitos para a comunidade local.<\/p>\n\n\n\n<p>O Deputado Gutierres Torquato estava acompanhado da sua esposa e coordenadora do Instituto Gratid\u00e3o Tocantins, Alline Moreira, Ze Carlos Soares e da idealizadora do Evento Nadma de Pina. Durante a a\u00e7\u00e3o, foram ofertados diversos servi\u00e7os, como corte de cabelo gratuito, emiss\u00e3o de documentos, vacina\u00e7\u00e3o, recrea\u00e7\u00e3o, aula de zumba, designer de sobrancelhas, oficinas de autocuidado, para o mercado de trabalho e financeiras, orienta\u00e7\u00f5es jur\u00eddicas, palestra e tamb\u00e9m a distribui\u00e7\u00e3o de pipoca, salgadinhos e algod\u00e3o doce para as crian\u00e7as.<\/p>\n\n\n\n<p>A iniciativa teve como objetivo promover a inclus\u00e3o social e o empreendedorismo na regi\u00e3o, proporcionando acesso a servi\u00e7os essenciais e oferecendo oportunidades de capacita\u00e7\u00e3o e desenvolvimento para os moradores de Alian\u00e7a do Tocantins. A presen\u00e7a do Deputado Gutierres Torquato e das parcerias refor\u00e7am o compromisso com a comunidade e a busca por solu\u00e7\u00f5es para melhorar a qualidade de vida da popula\u00e7\u00e3o local.<\/p>\n\n\n\n<p>\u201cEu acredito no trabalho social que da dignidade e respeito as pessoas, o Instituto Gratid\u00e3o trabalha para isso, para dar as ferramentas e ajudar as pessoas a transformarem as suas vidas. Porque gratid\u00e3o \u00e9 cuidado e respeito\u201d, destacou o Deputado Gutierres.<\/p>\n\n\n\n<p>A A\u00e7\u00e3o de Inclus\u00e3o e Empreendedorismo em parceria com o Instituto Gratid\u00e3o Tocantins, o Governo do Estado do Tocantins, Sebrae, Senai, Sesi, Fieto, dentre outros, foi uma oportunidade para que os moradores tivessem acesso a servi\u00e7os e benef\u00edcios importantes. O evento foi um sucesso e demonstrou a import\u00e2ncia de a\u00e7\u00f5es como essa para promover o desenvolvimento e a inclus\u00e3o social nas cidades do Tocantins.<\/p>\n\n\n\n<figure class=\"wp-block-image size-full\"><img loading=\"lazy\" decoding=\"async\" width=\"777\" height=\"475\" src=\"https:\/\/focotocantinense.com.br\/wp-content\/uploads\/2023\/08\/ccc-4.jpg\" alt=\"\" class=\"wp-image-5814\" srcset=\"https:\/\/focotocantinense.com.br\/wp-content\/uploads\/2023\/08\/ccc-4.jpg 777w, https:\/\/focotocantinense.com.br\/wp-content\/uploads\/2023\/08\/ccc-4-300x183.jpg 300w, https:\/\/focotocantinense.com.br\/wp-content\/uploads\/2023\/08\/ccc-4-768x469.jpg 768w\" sizes=\"auto, (max-width: 777px) 100vw, 777px\" \/><\/figure>\n\n\n\n<figure class=\"wp-block-image size-full\"><img loading=\"lazy\" decoding=\"async\" width=\"768\" height=\"610\" src=\"https:\/\/focotocantinense.com.br\/wp-content\/uploads\/2023\/08\/AAA-11.jpg\" alt=\"\" class=\"wp-image-5811\" srcset=\"https:\/\/focotocantinense.com.br\/wp-content\/uploads\/2023\/08\/AAA-11.jpg 768w, https:\/\/focotocantinense.com.br\/wp-content\/uploads\/2023\/08\/AAA-11-300x238.jpg 300w\" sizes=\"auto, (max-width: 768px) 100vw, 768px\" \/><\/figure>\n\n\n\n<figure class=\"wp-block-image\"><img decoding=\"async\" src=\"http:\/\/n1to.com.br\/img\/uploads\/VINI_141.jpg\" alt=\"\"\/><\/figure>\n","protected":false},"excerpt":{"rendered":"<p>Neste s\u00e1bado, 26 de agosto, a cidade de Alian\u00e7a do Tocantins recebeu a visita do Deputado Estadual Gutierres Torquato, que participou da \u201cA\u00e7\u00e3o de Inclus\u00e3o e Empreendedorismo\u201d, organizada em parceria com o Instituto Gratid\u00e3o Tocantins, o Governo do Estado do Tocantins, Sebrae, Sesi SENAI , Fieto, dentre outros. O evento, que aconteceu durante todo o &hellip;<\/p>\n","protected":false},"author":5,"featured_media":5816,"comment_status":"open","ping_status":"open","sticky":false,"template":"","format":"standard","meta":{"footnotes":""},"categories":[67],"tags":[],"class_list":["post-5810","post","type-post","status-publish","format-standard","has-post-thumbnail","","category-alianca"],"_links":{"self":[{"href":"https:\/\/focotocantinense.com.br\/index.php?rest_route=\/wp\/v2\/posts\/5810","targetHints":{"allow":["GET"]}}],"collection":[{"href":"https:\/\/focotocantinense.com.br\/index.php?rest_route=\/wp\/v2\/posts"}],"about":[{"href":"https:\/\/focotocantinense.com.br\/index.php?rest_route=\/wp\/v2\/types\/post"}],"author":[{"embeddable":true,"href":"https:\/\/focotocantinense.com.br\/index.php?rest_route=\/wp\/v2\/users\/5"}],"replies":[{"embeddable":true,"href":"https:\/\/focotocantinense.com.br\/index.php?rest_route=%2Fwp%2Fv2%2Fcomments&post=5810"}],"version-history":[{"count":2,"href":"https:\/\/focotocantinense.com.br\/index.php?rest_route=\/wp\/v2\/posts\/5810\/revisions"}],"predecessor-version":[{"id":5815,"href":"https:\/\/focotocantinense.com.br\/index.php?rest_route=\/wp\/v2\/posts\/5810\/revisions\/5815"}],"wp:featuredmedia":[{"embeddable":true,"href":"https:\/\/focotocantinense.com.br\/index.php?rest_route=\/wp\/v2\/media\/5816"}],"wp:attachment":[{"href":"https:\/\/focotocantinense.com.br\/index.php?rest_route=%2Fwp%2Fv2%2Fmedia&parent=5810"}],"wp:term":[{"taxonomy":"category","embeddable":true,"href":"https:\/\/focotocantinense.com.br\/index.php?rest_route=%2Fwp%2Fv2%2Fcategories&post=5810"},{"taxonomy":"post_tag","embeddable":true,"href":"https:\/\/focotocantinense.com.br\/index.php?rest_route=%2Fwp%2Fv2%2Ftags&post=5810"}],"curies":[{"name":"wp","href":"https:\/\/api.w.org\/{rel}","templated":true}]}}