{"id":5801,"date":"2023-08-26T14:18:25","date_gmt":"2023-08-26T17:18:25","guid":{"rendered":"https:\/\/focotocantinense.com.br\/?p=5801"},"modified":"2023-08-26T14:19:44","modified_gmt":"2023-08-26T17:19:44","slug":"porto-nacional-cidade-que-ocupa-a-posicao-de-terceira-maior-economia-do-tocantins-esta-na-lista-do-siafi-e-tem-repasses-do-fpm-bloqueados","status":"publish","type":"post","link":"https:\/\/focotocantinense.com.br\/?p=5801","title":{"rendered":"Porto Nacional, cidade que ocupa a posi\u00e7\u00e3o de terceira maior economia do Tocantins, est\u00e1 na lista do Siafi e t\u00eam repasses do FPM bloqueados"},"content":{"rendered":"\n<p><strong><em>Sem os repasses do Fundo de Participa\u00e7\u00e3o dos Munic\u00edpios, a cidade encontrar\u00e1 dificuldades em manter servi\u00e7os p\u00fablicos essenciais e o pagamento do funcionalismo<\/em><\/strong><\/p>\n\n\n\n<figure class=\"wp-block-image size-large is-resized\"><img loading=\"lazy\" decoding=\"async\" src=\"https:\/\/focotocantinense.com.br\/wp-content\/uploads\/2023\/08\/4f309b39-1688-42e8-ae0a-b0a8dc9336cc-1-1024x576.jpg\" alt=\"\" class=\"wp-image-5806\" style=\"width:410px;height:231px\" width=\"410\" height=\"231\" srcset=\"https:\/\/focotocantinense.com.br\/wp-content\/uploads\/2023\/08\/4f309b39-1688-42e8-ae0a-b0a8dc9336cc-1-1024x576.jpg 1024w, https:\/\/focotocantinense.com.br\/wp-content\/uploads\/2023\/08\/4f309b39-1688-42e8-ae0a-b0a8dc9336cc-1-300x169.jpg 300w, https:\/\/focotocantinense.com.br\/wp-content\/uploads\/2023\/08\/4f309b39-1688-42e8-ae0a-b0a8dc9336cc-1-768x432.jpg 768w, https:\/\/focotocantinense.com.br\/wp-content\/uploads\/2023\/08\/4f309b39-1688-42e8-ae0a-b0a8dc9336cc-1-1536x864.jpg 1536w, https:\/\/focotocantinense.com.br\/wp-content\/uploads\/2023\/08\/4f309b39-1688-42e8-ae0a-b0a8dc9336cc-1.jpg 1600w\" sizes=\"auto, (max-width: 410px) 100vw, 410px\" \/><\/figure>\n\n\n\n<p>A cidade de Porto Nacional, que \u00e9 o ber\u00e7o cultural tocantinense, est\u00e1 impedida de receber recursos federais, isso incluindo o Fundo de Participa\u00e7\u00e3o dos Munic\u00edpios (FPM), que \u00e9 a principal fonte de arrecada\u00e7\u00e3o das cidades brasileiras.<\/p>\n\n\n\n<p>O munic\u00edpio foi inclu\u00eddo na lista do Siafi ( sistema integrado de administra\u00e7\u00e3o financeira do governo federal). Essa inclus\u00e3o ocorre pelas seguintes raz\u00f5es: Aus\u00eancia de pagamento da contribui\u00e7\u00e3o ao Programa de Forma\u00e7\u00e3o do Patrim\u00f4nio do Servidor P\u00fablico (Pasep); D\u00edvidas com o Instituto Nacional do Seguro Social (INSS); D\u00e9bitos com a inscri\u00e7\u00e3o da d\u00edvida ativa pela Procuradoria Geral da Fazenda Nacional (PGFN); Falta de presta\u00e7\u00e3o de contas no Sistema de Informa\u00e7\u00f5es sobre Or\u00e7amento P\u00fablico em Sa\u00fade (Siops).<\/p>\n\n\n\n<p>Deixar de receber esses recursos prejudica o cofre p\u00fablico local e os servi\u00e7os prestados \u00e0 popula\u00e7\u00e3o. Al\u00e9m de prejudicar o pagamento do funcionalismo p\u00fablico, o bloqueio do FPM impacta a oferta de Sa\u00fade e educa\u00e7\u00e3o aos mun\u00edcipes, tendo em vista que por exig\u00eancia da legisla\u00e7\u00e3o, boa parte desses recursos devem ser aplicados nessas \u00e1reas.<\/p>\n\n\n\n<figure class=\"wp-block-image size-full is-resized\"><img loading=\"lazy\" decoding=\"async\" src=\"https:\/\/focotocantinense.com.br\/wp-content\/uploads\/2023\/08\/VINI-7.jpg\" alt=\"\" class=\"wp-image-5803\" style=\"width:840px;height:193px\" width=\"840\" height=\"193\"\/><\/figure>\n","protected":false},"excerpt":{"rendered":"<p>Sem os repasses do Fundo de Participa\u00e7\u00e3o dos Munic\u00edpios, a cidade encontrar\u00e1 dificuldades em manter servi\u00e7os p\u00fablicos essenciais e o pagamento do funcionalismo A cidade de Porto Nacional, que \u00e9 o ber\u00e7o cultural tocantinense, est\u00e1 impedida de receber recursos federais, isso incluindo o Fundo de Participa\u00e7\u00e3o dos Munic\u00edpios (FPM), que \u00e9 a principal fonte de &hellip;<\/p>\n","protected":false},"author":5,"featured_media":5802,"comment_status":"open","ping_status":"open","sticky":false,"template":"","format":"standard","meta":{"footnotes":""},"categories":[46],"tags":[],"class_list":["post-5801","post","type-post","status-publish","format-standard","has-post-thumbnail","","category-porto_nacional"],"_links":{"self":[{"href":"https:\/\/focotocantinense.com.br\/index.php?rest_route=\/wp\/v2\/posts\/5801","targetHints":{"allow":["GET"]}}],"collection":[{"href":"https:\/\/focotocantinense.com.br\/index.php?rest_route=\/wp\/v2\/posts"}],"about":[{"href":"https:\/\/focotocantinense.com.br\/index.php?rest_route=\/wp\/v2\/types\/post"}],"author":[{"embeddable":true,"href":"https:\/\/focotocantinense.com.br\/index.php?rest_route=\/wp\/v2\/users\/5"}],"replies":[{"embeddable":true,"href":"https:\/\/focotocantinense.com.br\/index.php?rest_route=%2Fwp%2Fv2%2Fcomments&post=5801"}],"version-history":[{"count":4,"href":"https:\/\/focotocantinense.com.br\/index.php?rest_route=\/wp\/v2\/posts\/5801\/revisions"}],"predecessor-version":[{"id":5809,"href":"https:\/\/focotocantinense.com.br\/index.php?rest_route=\/wp\/v2\/posts\/5801\/revisions\/5809"}],"wp:featuredmedia":[{"embeddable":true,"href":"https:\/\/focotocantinense.com.br\/index.php?rest_route=\/wp\/v2\/media\/5802"}],"wp:attachment":[{"href":"https:\/\/focotocantinense.com.br\/index.php?rest_route=%2Fwp%2Fv2%2Fmedia&parent=5801"}],"wp:term":[{"taxonomy":"category","embeddable":true,"href":"https:\/\/focotocantinense.com.br\/index.php?rest_route=%2Fwp%2Fv2%2Fcategories&post=5801"},{"taxonomy":"post_tag","embeddable":true,"href":"https:\/\/focotocantinense.com.br\/index.php?rest_route=%2Fwp%2Fv2%2Ftags&post=5801"}],"curies":[{"name":"wp","href":"https:\/\/api.w.org\/{rel}","templated":true}]}}