{"id":5795,"date":"2023-08-26T11:30:53","date_gmt":"2023-08-26T14:30:53","guid":{"rendered":"https:\/\/focotocantinense.com.br\/?p=5795"},"modified":"2023-08-26T12:41:30","modified_gmt":"2023-08-26T15:41:30","slug":"mestre-geleia-com-o-livro-capoeira-falcao-de-ouro","status":"publish","type":"post","link":"https:\/\/focotocantinense.com.br\/?p=5795","title":{"rendered":"Mestre Geleia lan\u00e7a o livro \u201cCapoeira Falc\u00e3o de Ouro\u201d"},"content":{"rendered":"\n<p><strong><em>Por Zacarias Martins<\/em><\/strong><\/p>\n\n\n\n<p>A Editora Veloso, de Gurupi, traz \u00e0 lume o livro \u201c<em><strong>Capoeira Falc\u00e3o de Ouro<\/strong><\/em>\u201d, de autoria de Nilton S\u00e9rgio da Silva \u2013 o popular Mestre Geleia.\u00a0S\u00edmbolo de combate e resist\u00eancia, a capoeira faz parte da identidade cultural brasileira, sendo reconhecida mundialmente como pr\u00e1tica que une o esporte e a arte. Essa \u00e9 a abordagem feita pelo autor.<\/p>\n\n\n\n<p><strong>Capoeira<\/strong><\/p>\n\n\n\n<p>Todo mundo j\u00e1 deve ter visto uma roda de capoeira &#8211; mesmo que somente em um filme ou numa pintura. A cena \u00e9 familiar: praticantes se re\u00fanem em um c\u00edrculo e ao centro dois capoeiristas executam movimentos de ataque e defesa. As demais pessoas cantam e tocam instrumentos. \u00c9 a m\u00fasica que conduz o ritmo dos jogadores.<\/p>\n\n\n\n<p><strong>Sobre o autor<\/strong><\/p>\n\n\n\n<p>Nilton S\u00e9rgio da Silva \u00e9 Especialista em Educa\u00e7\u00e3o Musical, graduado em M\u00fasica pela Unb. \u00c9 Policial Militar do Estado do Tocantins, professor de flauta doce, inicia\u00e7\u00e3o musical infantil&nbsp; e regente de Banda de M\u00fasica Militar. Tamb\u00e9m caminha, com muita desenvoltura,, como compositor e arranjador.<\/p>\n\n\n\n<figure class=\"wp-block-image size-full is-resized\"><img loading=\"lazy\" decoding=\"async\" src=\"https:\/\/focotocantinense.com.br\/wp-content\/uploads\/2023\/08\/1-Nilton-Sergio-da-Silva-o-Mestre-Gdeleia.jpg\" alt=\"\" class=\"wp-image-5796\" style=\"width:410px;height:284px\" width=\"410\" height=\"284\" srcset=\"https:\/\/focotocantinense.com.br\/wp-content\/uploads\/2023\/08\/1-Nilton-Sergio-da-Silva-o-Mestre-Gdeleia.jpg 938w, https:\/\/focotocantinense.com.br\/wp-content\/uploads\/2023\/08\/1-Nilton-Sergio-da-Silva-o-Mestre-Gdeleia-300x208.jpg 300w, https:\/\/focotocantinense.com.br\/wp-content\/uploads\/2023\/08\/1-Nilton-Sergio-da-Silva-o-Mestre-Gdeleia-768x532.jpg 768w, https:\/\/focotocantinense.com.br\/wp-content\/uploads\/2023\/08\/1-Nilton-Sergio-da-Silva-o-Mestre-Gdeleia-110x75.jpg 110w\" sizes=\"auto, (max-width: 410px) 100vw, 410px\" \/><\/figure>\n\n\n\n<p><em><strong>Nilton S\u00e9rgio da Silva \u00e9 o autor dessa obra (Foto: Divulga\u00e7\u00e3o)<\/strong><\/em><\/p>\n\n\n\n<figure class=\"wp-block-image size-full is-resized\"><img loading=\"lazy\" decoding=\"async\" src=\"https:\/\/focotocantinense.com.br\/wp-content\/uploads\/2023\/08\/VINI-6.jpg\" alt=\"\" class=\"wp-image-5784\" style=\"width:840px;height:193px\" width=\"840\" height=\"193\"\/><\/figure>\n","protected":false},"excerpt":{"rendered":"<p>Por Zacarias Martins A Editora Veloso, de Gurupi, traz \u00e0 lume o livro \u201cCapoeira Falc\u00e3o de Ouro\u201d, de autoria de Nilton S\u00e9rgio da Silva \u2013 o popular Mestre Geleia.\u00a0S\u00edmbolo de combate e resist\u00eancia, a capoeira faz parte da identidade cultural brasileira, sendo reconhecida mundialmente como pr\u00e1tica que une o esporte e a arte. Essa \u00e9 &hellip;<\/p>\n","protected":false},"author":5,"featured_media":5796,"comment_status":"open","ping_status":"open","sticky":false,"template":"","format":"standard","meta":{"footnotes":""},"categories":[58,104],"tags":[],"class_list":["post-5795","post","type-post","status-publish","format-standard","has-post-thumbnail","","category-arraias","category-cultura"],"_links":{"self":[{"href":"https:\/\/focotocantinense.com.br\/index.php?rest_route=\/wp\/v2\/posts\/5795","targetHints":{"allow":["GET"]}}],"collection":[{"href":"https:\/\/focotocantinense.com.br\/index.php?rest_route=\/wp\/v2\/posts"}],"about":[{"href":"https:\/\/focotocantinense.com.br\/index.php?rest_route=\/wp\/v2\/types\/post"}],"author":[{"embeddable":true,"href":"https:\/\/focotocantinense.com.br\/index.php?rest_route=\/wp\/v2\/users\/5"}],"replies":[{"embeddable":true,"href":"https:\/\/focotocantinense.com.br\/index.php?rest_route=%2Fwp%2Fv2%2Fcomments&post=5795"}],"version-history":[{"count":4,"href":"https:\/\/focotocantinense.com.br\/index.php?rest_route=\/wp\/v2\/posts\/5795\/revisions"}],"predecessor-version":[{"id":5800,"href":"https:\/\/focotocantinense.com.br\/index.php?rest_route=\/wp\/v2\/posts\/5795\/revisions\/5800"}],"wp:featuredmedia":[{"embeddable":true,"href":"https:\/\/focotocantinense.com.br\/index.php?rest_route=\/wp\/v2\/media\/5796"}],"wp:attachment":[{"href":"https:\/\/focotocantinense.com.br\/index.php?rest_route=%2Fwp%2Fv2%2Fmedia&parent=5795"}],"wp:term":[{"taxonomy":"category","embeddable":true,"href":"https:\/\/focotocantinense.com.br\/index.php?rest_route=%2Fwp%2Fv2%2Fcategories&post=5795"},{"taxonomy":"post_tag","embeddable":true,"href":"https:\/\/focotocantinense.com.br\/index.php?rest_route=%2Fwp%2Fv2%2Ftags&post=5795"}],"curies":[{"name":"wp","href":"https:\/\/api.w.org\/{rel}","templated":true}]}}