{"id":5783,"date":"2023-08-25T19:56:31","date_gmt":"2023-08-25T22:56:31","guid":{"rendered":"https:\/\/focotocantinense.com.br\/?p=5783"},"modified":"2023-08-25T20:14:37","modified_gmt":"2023-08-25T23:14:37","slug":"novos-gestores-das-escolas-municipais-de-tocantinia-sao-empossados","status":"publish","type":"post","link":"https:\/\/focotocantinense.com.br\/?p=5783","title":{"rendered":"Novos gestores das escolas municipais de Tocant\u00ednia s\u00e3o empossados"},"content":{"rendered":"\n<p><strong>Por Zacarias Martins<\/strong><\/p>\n\n\n\n<p>Na quinta-feira, 24, o prefeito de Tocant\u00ednia, Manoel Silvino e o secret\u00e1rio Municipal de Educa\u00e7\u00e3o, Andr\u00e9 Goveia, realizaram&nbsp; no plen\u00e1rio da C\u00e2mara municipal, a solenidade de posse dos gestores escolares da Rede Municipal de Ensino.<\/p>\n\n\n\n<p>O secret\u00e1rio de Educa\u00e7\u00e3o, Andr\u00e9 Goveia, explicou que conforme rege a Lei 14.113\/2020 (Lei do FUNDEB), &nbsp;no Art. 14, que &nbsp;disp\u00f5e sobre o provimento do cargo de gestores de educa\u00e7\u00e3o, onde &nbsp;dever\u00e1 ser adotados &nbsp;crit\u00e9rios t\u00e9cnicos de m\u00e9rito e desempenho ou a partir de escolha realizada com a participa\u00e7\u00e3o da comunidade escolar<\/p>\n\n\n\n<p>dentre os candidatos aprovados previamente em avalia\u00e7\u00e3o de m\u00e9rito e desempenho.<\/p>\n\n\n\n<p>Goveia ainda destaca que&nbsp; em &nbsp;cumprimento a Lei Federal, a Prefeitura de Tocant\u00ednia, instituiu o Decreto Municipal n\u00b0089, &nbsp;de 15 de setembro de 2022, &nbsp;que disp\u00f5e sobre todo o processo de sele\u00e7\u00e3o, e, logo ap\u00f3s, &nbsp;lan\u00e7ou-se a Portaria n\u00b0 007, de 30 de janeiro de 2023, para determinar os agentes p\u00fablicos respons\u00e1veis pelo desenvolvimento dos procedimentos e cronograma do processo de sele\u00e7\u00e3o.<\/p>\n\n\n\n<p>J\u00e1 o prefeito Manoel Silvino&nbsp; fez quest\u00e3o de &nbsp;frisar que esta \u00e9 a primeira vez &nbsp;que uma gestora mulher ind\u00edgena \u00e9 nomeada \u00e0 gest\u00e3o educacional. \u201c\u00c9 um importante marco, &nbsp;pois todos os diretores passaram por um processo de sele\u00e7\u00e3o democr\u00e1tico e t\u00e9cnico\u201d, finalizou o prefeito.<\/p>\n\n\n\n<p><strong>Empossados<\/strong><\/p>\n\n\n\n<p><strong>&#8211;&nbsp;<\/strong>Simone de Jesus Silva, Escola Municipal Ant\u00f4nio Benvindo da Luz;<\/p>\n\n\n\n<p>&#8211; Sueli Borges Lima &#8211; Escola Municipal de Educa\u00e7\u00e3o Infantil Tereza Hil\u00e1rio Ribeiro;<\/p>\n\n\n\n<p>&#8211; Jucilene Martins Louzeira &#8211; Escola Municipal Professor Constantino Pedro de Castro;<\/p>\n\n\n\n<p>&#8211; Jacira Sekwahidi de Brito Xerente &#8211; Escola Municipal de Educa\u00e7\u00e3o Infantil Ind\u00edgena Simsari;<\/p>\n\n\n\n<p>&nbsp;&#8211; Maria Eliza Souza Moura &#8211; &nbsp;Escola Municipal Ana Alves Brito (Povoado de Palminha);<\/p>\n\n\n\n<p>&#8211; Nilton Nonato da Costa Gomes &#8211; &nbsp;Escola Municipal Benvindo Souza Luz (Assentamento \u00c1gua Fria II).<\/p>\n\n\n\n<figure class=\"wp-block-image size-full is-resized\"><img loading=\"lazy\" decoding=\"async\" src=\"https:\/\/focotocantinense.com.br\/wp-content\/uploads\/2023\/08\/bbb-6.jpg\" alt=\"\" class=\"wp-image-5787\" style=\"width:840px;height:471px\" width=\"840\" height=\"471\"\/><\/figure>\n\n\n\n<p><\/p>\n\n\n\n<p><\/p>\n\n\n\n<figure class=\"wp-block-image size-full is-resized\"><img loading=\"lazy\" decoding=\"async\" src=\"https:\/\/focotocantinense.com.br\/wp-content\/uploads\/2023\/08\/ddd-1.jpg\" alt=\"\" class=\"wp-image-5785\" style=\"width:840px;height:458px\" width=\"840\" height=\"458\"\/><\/figure>\n\n\n\n<p>,<\/p>\n\n\n\n<figure class=\"wp-block-image size-full is-resized\"><img loading=\"lazy\" decoding=\"async\" src=\"https:\/\/focotocantinense.com.br\/wp-content\/uploads\/2023\/08\/VINI-6.jpg\" alt=\"\" class=\"wp-image-5784\" style=\"width:839px;height:253px\" width=\"839\" height=\"253\" srcset=\"https:\/\/focotocantinense.com.br\/wp-content\/uploads\/2023\/08\/VINI-6.jpg 640w, https:\/\/focotocantinense.com.br\/wp-content\/uploads\/2023\/08\/VINI-6-300x90.jpg 300w\" sizes=\"auto, (max-width: 839px) 100vw, 839px\" \/><\/figure>\n","protected":false},"excerpt":{"rendered":"<p>Por Zacarias Martins Na quinta-feira, 24, o prefeito de Tocant\u00ednia, Manoel Silvino e o secret\u00e1rio Municipal de Educa\u00e7\u00e3o, Andr\u00e9 Goveia, realizaram&nbsp; no plen\u00e1rio da C\u00e2mara municipal, a solenidade de posse dos gestores escolares da Rede Municipal de Ensino. O secret\u00e1rio de Educa\u00e7\u00e3o, Andr\u00e9 Goveia, explicou que conforme rege a Lei 14.113\/2020 (Lei do FUNDEB), &nbsp;no &hellip;<\/p>\n","protected":false},"author":5,"featured_media":5793,"comment_status":"open","ping_status":"open","sticky":false,"template":"","format":"standard","meta":{"footnotes":""},"categories":[78],"tags":[],"class_list":["post-5783","post","type-post","status-publish","format-standard","has-post-thumbnail","","category-tocantinia"],"_links":{"self":[{"href":"https:\/\/focotocantinense.com.br\/index.php?rest_route=\/wp\/v2\/posts\/5783","targetHints":{"allow":["GET"]}}],"collection":[{"href":"https:\/\/focotocantinense.com.br\/index.php?rest_route=\/wp\/v2\/posts"}],"about":[{"href":"https:\/\/focotocantinense.com.br\/index.php?rest_route=\/wp\/v2\/types\/post"}],"author":[{"embeddable":true,"href":"https:\/\/focotocantinense.com.br\/index.php?rest_route=\/wp\/v2\/users\/5"}],"replies":[{"embeddable":true,"href":"https:\/\/focotocantinense.com.br\/index.php?rest_route=%2Fwp%2Fv2%2Fcomments&post=5783"}],"version-history":[{"count":3,"href":"https:\/\/focotocantinense.com.br\/index.php?rest_route=\/wp\/v2\/posts\/5783\/revisions"}],"predecessor-version":[{"id":5792,"href":"https:\/\/focotocantinense.com.br\/index.php?rest_route=\/wp\/v2\/posts\/5783\/revisions\/5792"}],"wp:featuredmedia":[{"embeddable":true,"href":"https:\/\/focotocantinense.com.br\/index.php?rest_route=\/wp\/v2\/media\/5793"}],"wp:attachment":[{"href":"https:\/\/focotocantinense.com.br\/index.php?rest_route=%2Fwp%2Fv2%2Fmedia&parent=5783"}],"wp:term":[{"taxonomy":"category","embeddable":true,"href":"https:\/\/focotocantinense.com.br\/index.php?rest_route=%2Fwp%2Fv2%2Fcategories&post=5783"},{"taxonomy":"post_tag","embeddable":true,"href":"https:\/\/focotocantinense.com.br\/index.php?rest_route=%2Fwp%2Fv2%2Ftags&post=5783"}],"curies":[{"name":"wp","href":"https:\/\/api.w.org\/{rel}","templated":true}]}}