{"id":5771,"date":"2023-08-24T06:21:17","date_gmt":"2023-08-24T09:21:17","guid":{"rendered":"https:\/\/focotocantinense.com.br\/?p=5771"},"modified":"2023-08-24T06:24:44","modified_gmt":"2023-08-24T09:24:44","slug":"acao-social-arquidiocesana-de-palmas-e-conselho-municipal-dos-direitos-da-crianca-e-adolescente-de-tocantinia-assinam-termo-de-cooperacao","status":"publish","type":"post","link":"https:\/\/focotocantinense.com.br\/?p=5771","title":{"rendered":"A\u00e7\u00e3o Social Arquidiocesana de Palmas e Conselho Municipal dos Direitos da Crian\u00e7a e Adolescente de Tocant\u00ednia assinam Termo de Coopera\u00e7\u00e3o"},"content":{"rendered":"\n<p>Na tarde desta ter\u00e7a-feira, 22, um compromisso em prol do bem-estar das crian\u00e7as e adolescentes foi selado com firmeza e esperan\u00e7a. O Conselho Municipal dos Direitos da Crian\u00e7a e Adolescente (CMDCA) de Tocant\u00ednia, representado pela presidente Neilza Parente, uniu for\u00e7as com o vice-presidente da A\u00e7\u00e3o Social Arquidiocesana de Palmas (ASAP), Samuel dos Reis Viana, para assinar um Termo de Coopera\u00e7\u00e3o e Parceria. Juntos, eles ir\u00e3o empreender um projeto vital no combate ao trabalho infantil no munic\u00edpio.<\/p>\n\n\n\n<figure class=\"wp-block-image size-full is-resized\"><img loading=\"lazy\" decoding=\"async\" src=\"https:\/\/focotocantinense.com.br\/wp-content\/uploads\/2023\/08\/AAA-8.jpg\" alt=\"\" class=\"wp-image-5772\" style=\"width:411px;height:279px\" width=\"411\" height=\"279\" srcset=\"https:\/\/focotocantinense.com.br\/wp-content\/uploads\/2023\/08\/AAA-8.jpg 703w, https:\/\/focotocantinense.com.br\/wp-content\/uploads\/2023\/08\/AAA-8-300x204.jpg 300w, https:\/\/focotocantinense.com.br\/wp-content\/uploads\/2023\/08\/AAA-8-110x75.jpg 110w\" sizes=\"auto, (max-width: 411px) 100vw, 411px\" \/><\/figure>\n\n\n\n<p><\/p>\n\n\n\n<p>A sinergia dessa parceria tem um objetivo claro: realizar o ambicioso Projeto &#8220;Educando com Artes para o Enfrentamento do Trabalho Infantil&#8221;. Essa iniciativa pretende impactar positivamente a comunidade por meio de a\u00e7\u00f5es conjuntas, envolvendo forma\u00e7\u00f5es, oficinas e um dia D tem\u00e1tico dedicado ao combate ao trabalho infantil. A participa\u00e7\u00e3o ativa da comunidade local \u00e9 fundamental para o sucesso desse empreendimento.<\/p>\n\n\n\n<p>Durante a assinatura do Termo de Coopera\u00e7\u00e3o, a secret\u00e1ria executiva do CEDECA, M\u00f4nica Brito, proferiu uma palestra instigante, abordando n\u00e3o apenas o cerne do projeto, mas tamb\u00e9m temas delicados como o combate ao trabalho infantil e a lament\u00e1vel viol\u00eancia sexual contra crian\u00e7as e adolescentes. A profundidade dessas quest\u00f5es \u00e9 um lembrete urgente da import\u00e2ncia de iniciativas como essa.<\/p>\n\n\n\n<figure class=\"wp-block-image size-full\"><img loading=\"lazy\" decoding=\"async\" width=\"686\" height=\"426\" src=\"https:\/\/focotocantinense.com.br\/wp-content\/uploads\/2023\/08\/bbb-5.jpg\" alt=\"\" class=\"wp-image-5774\" srcset=\"https:\/\/focotocantinense.com.br\/wp-content\/uploads\/2023\/08\/bbb-5.jpg 686w, https:\/\/focotocantinense.com.br\/wp-content\/uploads\/2023\/08\/bbb-5-300x186.jpg 300w\" sizes=\"auto, (max-width: 686px) 100vw, 686px\" \/><\/figure>\n\n\n\n<p><\/p>\n\n\n\n<p>Samuel dos Reis, vice-presidente da ASAP, ressalta a inten\u00e7\u00e3o do projeto: construir uma a\u00e7\u00e3o pol\u00edtica, pedag\u00f3gica e social que dialogue com a comunidade local sobre a cr\u00edtica quest\u00e3o do trabalho infantil. Um passo ousado em dire\u00e7\u00e3o \u00e0 conscientiza\u00e7\u00e3o e \u00e0 transforma\u00e7\u00e3o.<\/p>\n\n\n\n<p>Ana Paula Ribeiro, secret\u00e1ria de Assist\u00eancia Social, real\u00e7a o valor estrat\u00e9gico do projeto ao destacar sua relev\u00e2ncia na preven\u00e7\u00e3o e no combate ao trabalho infantil. A conscientiza\u00e7\u00e3o e a mobiliza\u00e7\u00e3o da comunidade s\u00e3o elementos-chave na constru\u00e7\u00e3o de uma sociedade mais justa e equitativa para as crian\u00e7as e adolescentes.<\/p>\n\n\n\n<figure class=\"wp-block-image size-full is-resized\"><img loading=\"lazy\" decoding=\"async\" src=\"https:\/\/focotocantinense.com.br\/wp-content\/uploads\/2023\/08\/ccc-2.jpg\" alt=\"\" class=\"wp-image-5776\" style=\"width:840px;height:442px\" width=\"840\" height=\"442\"\/><\/figure>\n\n\n\n<p>&#8220;Educando com Artes para o Enfrentamento do Trabalho Infantil&#8221; \u00e9 um projeto vision\u00e1rio da A\u00e7\u00e3o Social Arquidiocesana de Palmas (ASAP) que ganha vida em parceria com a prefeitura de Tocant\u00ednia e o Conselho Municipal dos Direitos da Crian\u00e7a e Adolescente. A conscientiza\u00e7\u00e3o \u00e9 o alicerce de mudan\u00e7as reais, e essa colabora\u00e7\u00e3o promissora \u00e9 um exemplo inspirador do poder da a\u00e7\u00e3o coletiva em prol de um futuro mais digno e seguro para as gera\u00e7\u00f5es futuras.<\/p>\n\n\n\n<p><\/p>\n\n\n\n<figure class=\"wp-block-image size-full is-resized\"><img loading=\"lazy\" decoding=\"async\" src=\"https:\/\/focotocantinense.com.br\/wp-content\/uploads\/2023\/08\/VINI-5.jpg\" alt=\"\" class=\"wp-image-5741\" style=\"width:840px;height:253px\" width=\"840\" height=\"253\" srcset=\"https:\/\/focotocantinense.com.br\/wp-content\/uploads\/2023\/08\/VINI-5.jpg 640w, https:\/\/focotocantinense.com.br\/wp-content\/uploads\/2023\/08\/VINI-5-300x90.jpg 300w\" sizes=\"auto, (max-width: 840px) 100vw, 840px\" \/><\/figure>\n","protected":false},"excerpt":{"rendered":"<p>Na tarde desta ter\u00e7a-feira, 22, um compromisso em prol do bem-estar das crian\u00e7as e adolescentes foi selado com firmeza e esperan\u00e7a. O Conselho Municipal dos Direitos da Crian\u00e7a e Adolescente (CMDCA) de Tocant\u00ednia, representado pela presidente Neilza Parente, uniu for\u00e7as com o vice-presidente da A\u00e7\u00e3o Social Arquidiocesana de Palmas (ASAP), Samuel dos Reis Viana, para &hellip;<\/p>\n","protected":false},"author":5,"featured_media":5774,"comment_status":"open","ping_status":"open","sticky":false,"template":"","format":"standard","meta":{"footnotes":""},"categories":[1,78],"tags":[],"class_list":["post-5771","post","type-post","status-publish","format-standard","has-post-thumbnail","","category-sem-categoria","category-tocantinia"],"_links":{"self":[{"href":"https:\/\/focotocantinense.com.br\/index.php?rest_route=\/wp\/v2\/posts\/5771","targetHints":{"allow":["GET"]}}],"collection":[{"href":"https:\/\/focotocantinense.com.br\/index.php?rest_route=\/wp\/v2\/posts"}],"about":[{"href":"https:\/\/focotocantinense.com.br\/index.php?rest_route=\/wp\/v2\/types\/post"}],"author":[{"embeddable":true,"href":"https:\/\/focotocantinense.com.br\/index.php?rest_route=\/wp\/v2\/users\/5"}],"replies":[{"embeddable":true,"href":"https:\/\/focotocantinense.com.br\/index.php?rest_route=%2Fwp%2Fv2%2Fcomments&post=5771"}],"version-history":[{"count":3,"href":"https:\/\/focotocantinense.com.br\/index.php?rest_route=\/wp\/v2\/posts\/5771\/revisions"}],"predecessor-version":[{"id":5778,"href":"https:\/\/focotocantinense.com.br\/index.php?rest_route=\/wp\/v2\/posts\/5771\/revisions\/5778"}],"wp:featuredmedia":[{"embeddable":true,"href":"https:\/\/focotocantinense.com.br\/index.php?rest_route=\/wp\/v2\/media\/5774"}],"wp:attachment":[{"href":"https:\/\/focotocantinense.com.br\/index.php?rest_route=%2Fwp%2Fv2%2Fmedia&parent=5771"}],"wp:term":[{"taxonomy":"category","embeddable":true,"href":"https:\/\/focotocantinense.com.br\/index.php?rest_route=%2Fwp%2Fv2%2Fcategories&post=5771"},{"taxonomy":"post_tag","embeddable":true,"href":"https:\/\/focotocantinense.com.br\/index.php?rest_route=%2Fwp%2Fv2%2Ftags&post=5771"}],"curies":[{"name":"wp","href":"https:\/\/api.w.org\/{rel}","templated":true}]}}