{"id":5762,"date":"2023-08-23T19:40:04","date_gmt":"2023-08-23T22:40:04","guid":{"rendered":"https:\/\/focotocantinense.com.br\/?p=5762"},"modified":"2023-08-23T20:10:29","modified_gmt":"2023-08-23T23:10:29","slug":"acoes-do-polo-indigena-da-uma-em-tocantinia-sao-apresentadas-a-secretaria-dos-povos-originarios-e-tradicionais-do-tocantins","status":"publish","type":"post","link":"https:\/\/focotocantinense.com.br\/?p=5762","title":{"rendered":"A\u00e7\u00f5es do polo ind\u00edgena da UMA em Tocant\u00ednia s\u00e3o apresentadas a secret\u00e1ria dos Povos Origin\u00e1rios e Tradicionais do Tocantins"},"content":{"rendered":"\n<p><strong>Por Zacarias Martins<\/strong><\/p>\n\n\n\n<p>Na quarta-feira, 23, integrantes da Universidade da Maturidade (UMA-UFT e UMA-UEMS), juntamente com os coordenadores nacionais da Universidade da Maturidade Dra. Neila Barbosa Os\u00f3rio e Dr Luiz Sin\u00e9sio Silva Neto, estiveram reunidos com a secret\u00e1ria dos Povos Origin\u00e1rios e Tradicionais do Tocantins, Narubia Werreria, em Palmas.<\/p>\n\n\n\n<p>Na pauta, apresenta\u00e7\u00f5es das a\u00e7\u00f5es desenvolvidas pela UMA Ind\u00edgena, fruto de parceria firmada pela Prefeitura de Tocant\u00ednia por meio da Secretaria Municipal de Educa\u00e7\u00e3o (Semed).<\/p>\n\n\n\n<p>O secret\u00e1rio municipal de Educa\u00e7\u00e3o de Tocant\u00ednia, Andr\u00e9 Ribeiro de Goveia, que esteve presente no encontro, apresentou as a\u00e7\u00f5es realizadas e o inicio da constru\u00e7\u00e3o do primeiro curr\u00edculo de educa\u00e7\u00e3o infantil ind\u00edgena Xerente, juntamente com o coordenador do polo ind\u00edgena da UMA, Leonardo Sampaio Baleeiro Santana que apresentou sobre a sua pesquisa de disserta\u00e7\u00e3o intitulada Educa\u00e7\u00e3o(Escola) Ind\u00edgena Xerente.<\/p>\n\n\n\n<p>Na oportunidade, Andr\u00e9 Goveia fez quest\u00e3o de convidar a secret\u00e1ria Narubia Werreria para participar da formatura da primeira turma do polo ind\u00edgena da Universidade da Maturidade do Brasil. A solenidade de formatura est\u00e1 prevista para acontecer dia 1 de dezembro, no Territ\u00f3rio Ind\u00edgena Xerente<\/p>\n\n\n\n<p>Surpresa com t\u00e3o honroso convite, a secret\u00e1ria Narubia Werreria, respondeu que participar\u00e1 desta data t\u00e3o importante na vida dos nossos anci\u00e3os.<\/p>\n\n\n\n<figure class=\"wp-block-image size-full\"><img loading=\"lazy\" decoding=\"async\" width=\"987\" height=\"462\" src=\"https:\/\/focotocantinense.com.br\/wp-content\/uploads\/2023\/08\/aaaaaaaaaaaaaaaaaaaaaaaaaaaaa-1.jpg\" alt=\"\" class=\"wp-image-5765\" srcset=\"https:\/\/focotocantinense.com.br\/wp-content\/uploads\/2023\/08\/aaaaaaaaaaaaaaaaaaaaaaaaaaaaa-1.jpg 987w, https:\/\/focotocantinense.com.br\/wp-content\/uploads\/2023\/08\/aaaaaaaaaaaaaaaaaaaaaaaaaaaaa-1-300x140.jpg 300w, https:\/\/focotocantinense.com.br\/wp-content\/uploads\/2023\/08\/aaaaaaaaaaaaaaaaaaaaaaaaaaaaa-1-768x359.jpg 768w\" sizes=\"auto, (max-width: 987px) 100vw, 987px\" \/><\/figure>\n\n\n\n<p><\/p>\n\n\n\n<p><\/p>\n\n\n\n<p><\/p>\n\n\n\n<p><\/p>\n\n\n\n<figure class=\"wp-block-image size-full\"><img loading=\"lazy\" decoding=\"async\" width=\"595\" height=\"522\" src=\"https:\/\/focotocantinense.com.br\/wp-content\/uploads\/2023\/08\/bbb-4.jpg\" alt=\"\" class=\"wp-image-5763\" srcset=\"https:\/\/focotocantinense.com.br\/wp-content\/uploads\/2023\/08\/bbb-4.jpg 595w, https:\/\/focotocantinense.com.br\/wp-content\/uploads\/2023\/08\/bbb-4-300x263.jpg 300w\" sizes=\"auto, (max-width: 595px) 100vw, 595px\" \/><\/figure>\n\n\n\n<p><\/p>\n\n\n\n<figure class=\"wp-block-image size-full is-resized\"><img loading=\"lazy\" decoding=\"async\" src=\"https:\/\/focotocantinense.com.br\/wp-content\/uploads\/2023\/08\/VINI-5.jpg\" alt=\"\" class=\"wp-image-5741\" style=\"width:842px;height:254px\" width=\"842\" height=\"254\" srcset=\"https:\/\/focotocantinense.com.br\/wp-content\/uploads\/2023\/08\/VINI-5.jpg 640w, https:\/\/focotocantinense.com.br\/wp-content\/uploads\/2023\/08\/VINI-5-300x90.jpg 300w\" sizes=\"auto, (max-width: 842px) 100vw, 842px\" \/><\/figure>\n","protected":false},"excerpt":{"rendered":"<p>Por Zacarias Martins Na quarta-feira, 23, integrantes da Universidade da Maturidade (UMA-UFT e UMA-UEMS), juntamente com os coordenadores nacionais da Universidade da Maturidade Dra. Neila Barbosa Os\u00f3rio e Dr Luiz Sin\u00e9sio Silva Neto, estiveram reunidos com a secret\u00e1ria dos Povos Origin\u00e1rios e Tradicionais do Tocantins, Narubia Werreria, em Palmas. Na pauta, apresenta\u00e7\u00f5es das a\u00e7\u00f5es desenvolvidas &hellip;<\/p>\n","protected":false},"author":5,"featured_media":5768,"comment_status":"open","ping_status":"open","sticky":false,"template":"","format":"standard","meta":{"footnotes":""},"categories":[78],"tags":[],"class_list":["post-5762","post","type-post","status-publish","format-standard","has-post-thumbnail","","category-tocantinia"],"_links":{"self":[{"href":"https:\/\/focotocantinense.com.br\/index.php?rest_route=\/wp\/v2\/posts\/5762","targetHints":{"allow":["GET"]}}],"collection":[{"href":"https:\/\/focotocantinense.com.br\/index.php?rest_route=\/wp\/v2\/posts"}],"about":[{"href":"https:\/\/focotocantinense.com.br\/index.php?rest_route=\/wp\/v2\/types\/post"}],"author":[{"embeddable":true,"href":"https:\/\/focotocantinense.com.br\/index.php?rest_route=\/wp\/v2\/users\/5"}],"replies":[{"embeddable":true,"href":"https:\/\/focotocantinense.com.br\/index.php?rest_route=%2Fwp%2Fv2%2Fcomments&post=5762"}],"version-history":[{"count":3,"href":"https:\/\/focotocantinense.com.br\/index.php?rest_route=\/wp\/v2\/posts\/5762\/revisions"}],"predecessor-version":[{"id":5769,"href":"https:\/\/focotocantinense.com.br\/index.php?rest_route=\/wp\/v2\/posts\/5762\/revisions\/5769"}],"wp:featuredmedia":[{"embeddable":true,"href":"https:\/\/focotocantinense.com.br\/index.php?rest_route=\/wp\/v2\/media\/5768"}],"wp:attachment":[{"href":"https:\/\/focotocantinense.com.br\/index.php?rest_route=%2Fwp%2Fv2%2Fmedia&parent=5762"}],"wp:term":[{"taxonomy":"category","embeddable":true,"href":"https:\/\/focotocantinense.com.br\/index.php?rest_route=%2Fwp%2Fv2%2Fcategories&post=5762"},{"taxonomy":"post_tag","embeddable":true,"href":"https:\/\/focotocantinense.com.br\/index.php?rest_route=%2Fwp%2Fv2%2Ftags&post=5762"}],"curies":[{"name":"wp","href":"https:\/\/api.w.org\/{rel}","templated":true}]}}