{"id":5759,"date":"2023-08-23T19:31:39","date_gmt":"2023-08-23T22:31:39","guid":{"rendered":"https:\/\/focotocantinense.com.br\/?p=5759"},"modified":"2023-08-23T19:31:40","modified_gmt":"2023-08-23T22:31:40","slug":"pl-do-controle-do-cancer-colorretal-e-aprovado-com-relatoria-do-deputado-antonio-andrade","status":"publish","type":"post","link":"https:\/\/focotocantinense.com.br\/?p=5759","title":{"rendered":"PL do Controle do C\u00e2ncer Colorretal \u00e9 aprovado com relatoria do deputado Antonio Andrade"},"content":{"rendered":"\n<figure class=\"wp-block-image size-large\"><img loading=\"lazy\" decoding=\"async\" width=\"1024\" height=\"768\" src=\"https:\/\/focotocantinense.com.br\/wp-content\/uploads\/2023\/08\/1000289403-1024x768.jpg\" alt=\"\" class=\"wp-image-5760\" srcset=\"https:\/\/focotocantinense.com.br\/wp-content\/uploads\/2023\/08\/1000289403-1024x768.jpg 1024w, https:\/\/focotocantinense.com.br\/wp-content\/uploads\/2023\/08\/1000289403-300x225.jpg 300w, https:\/\/focotocantinense.com.br\/wp-content\/uploads\/2023\/08\/1000289403-768x576.jpg 768w, https:\/\/focotocantinense.com.br\/wp-content\/uploads\/2023\/08\/1000289403.jpg 1280w\" sizes=\"auto, (max-width: 1024px) 100vw, 1024px\" \/><\/figure>\n\n\n\n<p><em>Medidas para detec\u00e7\u00e3o precoce e tratamento do c\u00e2ncer colorretal avan\u00e7am no legislativo com apoio do deputado Antonio Andrade<\/em><\/p>\n\n\n\n<p>A C\u00e2mara dos Deputados, por meio da Comiss\u00e3o de Sa\u00fade, alcan\u00e7ou um marco significativo no combate ao c\u00e2ncer colorretal ao aprovar nesta quarta-feira, 25 de julho, o Projeto de Lei 513\/2023 do Controle do C\u00e2ncer Colorretal, contando com a importante relatoria do deputado Antonio Andrade.<\/p>\n\n\n\n<p>A aprova\u00e7\u00e3o do projeto representa um avan\u00e7o crucial nas estrat\u00e9gias de preven\u00e7\u00e3o, detec\u00e7\u00e3o precoce e tratamento desse tipo de c\u00e2ncer, que afeta um n\u00famero consider\u00e1vel de pessoas em todo o pa\u00eds.<\/p>\n\n\n\n<p>O c\u00e2ncer colorretal \u00e9 uma das neoplasias mais comuns em todo o mundo, com um impacto significativo na sa\u00fade p\u00fablica. Estima-se que 900 mil pessoas por ano morrem desse c\u00e2ncer, ficando atr\u00e1s somente do c\u00e2ncer de pulm\u00e3o. Esta neoplasia \u00e9, no Brasil, a segunda mais comum, totalizando 45.630 novos casos por ano.<\/p>\n\n\n\n<p>Diante desse cen\u00e1rio preocupante, o PL do Controle do C\u00e2ncer Colorretal surge como uma resposta legislativa para aprimorar as pol\u00edticas de sa\u00fade voltadas para a doen\u00e7a. O parlamentar, membro e atuante na Comiss\u00e3o de Sa\u00fade da C\u00e2mara, desempenhou um papel fundamental ao relatar o projeto e reunir apoio de seus colegas parlamentares para a aprova\u00e7\u00e3o un\u00e2nime do texto.<\/p>\n\n\n\n<p>\u201cEmbora j\u00e1 existam medidas de combate ao c\u00e2ncer no Sistema \u00danico de Sa\u00fade (SUS), concordamos com a cria\u00e7\u00e3o de um plano espec\u00edfico para o c\u00e2ncer colorretal, levando em considera\u00e7\u00e3o suas peculiaridades\u201d, destacou Andrade.<\/p>\n\n\n\n<p>Agora, o PL segue para a Comiss\u00e3o de Finan\u00e7as e Tributa\u00e7\u00e3o (CFT) e depois para a Comiss\u00e3o de Constitui\u00e7\u00e3o e Justi\u00e7a e de Cidadania (CCJC). A expectativa \u00e9 de que o comprometimento demonstrado at\u00e9 o momento pelo parlamento seja mantido, e que o projeto siga em frente at\u00e9 se tornar lei, contribuindo assim para a melhoria da sa\u00fade e qualidade de vida dos cidad\u00e3os brasileiros.<\/p>\n\n\n\n<p><em>Assessoria de Comunica\u00e7\u00e3o \u2013 Deputado Federal Antonio Andrade<\/em><\/p>\n","protected":false},"excerpt":{"rendered":"<p>Medidas para detec\u00e7\u00e3o precoce e tratamento do c\u00e2ncer colorretal avan\u00e7am no legislativo com apoio do deputado Antonio Andrade A C\u00e2mara dos Deputados, por meio da Comiss\u00e3o de Sa\u00fade, alcan\u00e7ou um marco significativo no combate ao c\u00e2ncer colorretal ao aprovar nesta quarta-feira, 25 de julho, o Projeto de Lei 513\/2023 do Controle do C\u00e2ncer Colorretal, contando &hellip;<\/p>\n","protected":false},"author":5,"featured_media":0,"comment_status":"open","ping_status":"open","sticky":false,"template":"","format":"standard","meta":{"footnotes":""},"categories":[1],"tags":[],"class_list":["post-5759","post","type-post","status-publish","format-standard","","category-sem-categoria"],"_links":{"self":[{"href":"https:\/\/focotocantinense.com.br\/index.php?rest_route=\/wp\/v2\/posts\/5759","targetHints":{"allow":["GET"]}}],"collection":[{"href":"https:\/\/focotocantinense.com.br\/index.php?rest_route=\/wp\/v2\/posts"}],"about":[{"href":"https:\/\/focotocantinense.com.br\/index.php?rest_route=\/wp\/v2\/types\/post"}],"author":[{"embeddable":true,"href":"https:\/\/focotocantinense.com.br\/index.php?rest_route=\/wp\/v2\/users\/5"}],"replies":[{"embeddable":true,"href":"https:\/\/focotocantinense.com.br\/index.php?rest_route=%2Fwp%2Fv2%2Fcomments&post=5759"}],"version-history":[{"count":1,"href":"https:\/\/focotocantinense.com.br\/index.php?rest_route=\/wp\/v2\/posts\/5759\/revisions"}],"predecessor-version":[{"id":5761,"href":"https:\/\/focotocantinense.com.br\/index.php?rest_route=\/wp\/v2\/posts\/5759\/revisions\/5761"}],"wp:attachment":[{"href":"https:\/\/focotocantinense.com.br\/index.php?rest_route=%2Fwp%2Fv2%2Fmedia&parent=5759"}],"wp:term":[{"taxonomy":"category","embeddable":true,"href":"https:\/\/focotocantinense.com.br\/index.php?rest_route=%2Fwp%2Fv2%2Fcategories&post=5759"},{"taxonomy":"post_tag","embeddable":true,"href":"https:\/\/focotocantinense.com.br\/index.php?rest_route=%2Fwp%2Fv2%2Ftags&post=5759"}],"curies":[{"name":"wp","href":"https:\/\/api.w.org\/{rel}","templated":true}]}}