{"id":5746,"date":"2023-08-23T10:56:22","date_gmt":"2023-08-23T13:56:22","guid":{"rendered":"https:\/\/focotocantinense.com.br\/?p=5746"},"modified":"2023-08-23T10:57:18","modified_gmt":"2023-08-23T13:57:18","slug":"distrito-do-trevo-da-praia-deve-receber-a-instalacao-de-antena-de-telefonia-movel","status":"publish","type":"post","link":"https:\/\/focotocantinense.com.br\/?p=5746","title":{"rendered":"Distrito do Trevo da Praia deve receber a instala\u00e7\u00e3o de antena de telefonia m\u00f3vel \u00a0\u00a0"},"content":{"rendered":"\n<p>Na manh\u00e3 desta segunda-feira dia&nbsp; (21), o policial civil Josu\u00e9 Oliveira, esteve reunido com o deputado estadual Moisemar Marinho, em seu gabinete, em Palmas. Ele estava acompanhado pelo seu pai, o policial civil aposentado, Jo\u00e3o Gomes.<\/p>\n\n\n\n<p>Na ocasi\u00e3o foram tratados &nbsp;diversos assuntos relacionados a pol\u00edticas p\u00fablicas, e um assunto em especial foi discutido, tendo sido&nbsp; protocolado solicita\u00e7\u00e3o para instala\u00e7\u00e3o de uma antena de telefonia m\u00f3vel &nbsp;&nbsp;para o Distrito de Trevo da Praia.<\/p>\n\n\n\n<p>Josu\u00e9 apresentou referida solicita\u00e7\u00e3o depois de conversas com&nbsp; moradores daquele distrito, ocasi\u00e3o em que ficou sensibilizado com a causa e comprometeu-se em levar a demanda \u00e0s autoridades p\u00fablicas.<\/p>\n\n\n\n<figure class=\"wp-block-image size-large is-resized\"><img loading=\"lazy\" decoding=\"async\" src=\"https:\/\/focotocantinense.com.br\/wp-content\/uploads\/2023\/08\/aaaaaaaaaaaaaaaaaaaaaaaaaaaaa-1024x758.jpg\" alt=\"\" class=\"wp-image-5747\" style=\"width:409px;height:303px\" width=\"409\" height=\"303\" srcset=\"https:\/\/focotocantinense.com.br\/wp-content\/uploads\/2023\/08\/aaaaaaaaaaaaaaaaaaaaaaaaaaaaa-1024x758.jpg 1024w, https:\/\/focotocantinense.com.br\/wp-content\/uploads\/2023\/08\/aaaaaaaaaaaaaaaaaaaaaaaaaaaaa-300x222.jpg 300w, https:\/\/focotocantinense.com.br\/wp-content\/uploads\/2023\/08\/aaaaaaaaaaaaaaaaaaaaaaaaaaaaa-768x569.jpg 768w, https:\/\/focotocantinense.com.br\/wp-content\/uploads\/2023\/08\/aaaaaaaaaaaaaaaaaaaaaaaaaaaaa-1536x1138.jpg 1536w, https:\/\/focotocantinense.com.br\/wp-content\/uploads\/2023\/08\/aaaaaaaaaaaaaaaaaaaaaaaaaaaaa.jpg 1600w\" sizes=\"auto, (max-width: 409px) 100vw, 409px\" \/><\/figure>\n\n\n\n<figure class=\"wp-block-image size-full is-resized\"><img loading=\"lazy\" decoding=\"async\" src=\"https:\/\/focotocantinense.com.br\/wp-content\/uploads\/2023\/08\/VINI-5.jpg\" alt=\"\" class=\"wp-image-5741\" style=\"width:840px;height:193px\" width=\"840\" height=\"193\"\/><\/figure>\n","protected":false},"excerpt":{"rendered":"<p>Na manh\u00e3 desta segunda-feira dia&nbsp; (21), o policial civil Josu\u00e9 Oliveira, esteve reunido com o deputado estadual Moisemar Marinho, em seu gabinete, em Palmas. Ele estava acompanhado pelo seu pai, o policial civil aposentado, Jo\u00e3o Gomes. Na ocasi\u00e3o foram tratados &nbsp;diversos assuntos relacionados a pol\u00edticas p\u00fablicas, e um assunto em especial foi discutido, tendo sido&nbsp; &hellip;<\/p>\n","protected":false},"author":5,"featured_media":5747,"comment_status":"open","ping_status":"open","sticky":false,"template":"","format":"standard","meta":{"footnotes":""},"categories":[38],"tags":[],"class_list":["post-5746","post","type-post","status-publish","format-standard","has-post-thumbnail","","category-gurupi"],"_links":{"self":[{"href":"https:\/\/focotocantinense.com.br\/index.php?rest_route=\/wp\/v2\/posts\/5746","targetHints":{"allow":["GET"]}}],"collection":[{"href":"https:\/\/focotocantinense.com.br\/index.php?rest_route=\/wp\/v2\/posts"}],"about":[{"href":"https:\/\/focotocantinense.com.br\/index.php?rest_route=\/wp\/v2\/types\/post"}],"author":[{"embeddable":true,"href":"https:\/\/focotocantinense.com.br\/index.php?rest_route=\/wp\/v2\/users\/5"}],"replies":[{"embeddable":true,"href":"https:\/\/focotocantinense.com.br\/index.php?rest_route=%2Fwp%2Fv2%2Fcomments&post=5746"}],"version-history":[{"count":2,"href":"https:\/\/focotocantinense.com.br\/index.php?rest_route=\/wp\/v2\/posts\/5746\/revisions"}],"predecessor-version":[{"id":5749,"href":"https:\/\/focotocantinense.com.br\/index.php?rest_route=\/wp\/v2\/posts\/5746\/revisions\/5749"}],"wp:featuredmedia":[{"embeddable":true,"href":"https:\/\/focotocantinense.com.br\/index.php?rest_route=\/wp\/v2\/media\/5747"}],"wp:attachment":[{"href":"https:\/\/focotocantinense.com.br\/index.php?rest_route=%2Fwp%2Fv2%2Fmedia&parent=5746"}],"wp:term":[{"taxonomy":"category","embeddable":true,"href":"https:\/\/focotocantinense.com.br\/index.php?rest_route=%2Fwp%2Fv2%2Fcategories&post=5746"},{"taxonomy":"post_tag","embeddable":true,"href":"https:\/\/focotocantinense.com.br\/index.php?rest_route=%2Fwp%2Fv2%2Ftags&post=5746"}],"curies":[{"name":"wp","href":"https:\/\/api.w.org\/{rel}","templated":true}]}}