{"id":5740,"date":"2023-08-22T22:14:44","date_gmt":"2023-08-23T01:14:44","guid":{"rendered":"https:\/\/focotocantinense.com.br\/?p=5740"},"modified":"2023-08-22T22:20:13","modified_gmt":"2023-08-23T01:20:13","slug":"5740","status":"publish","type":"post","link":"https:\/\/focotocantinense.com.br\/?p=5740","title":{"rendered":"Deputado Gutierres Torquato apresenta requerimento para intensifica\u00e7\u00e3o de combate \u00e0 queimadas no Tocantins"},"content":{"rendered":"\n<p>Na manh\u00e3 desta ter\u00e7a-feira, 22, o deputado estadual Gutierres Torquato apresentou, em sess\u00e3o ordin\u00e1ria da Assembleia Legislativa do Tocantins, requerimento solicitando a intensifica\u00e7\u00e3o de medidas para o combate as queimadas no Tocantins.<\/p>\n\n\n\n<p>O requerimento, enviado em regime de urg\u00eancia a Secret\u00e1rio de Meio Ambiente e Recursos H\u00eddricos do Tocantins e ao Governo do Estado busca diminuir o alto \u00edndice de queimadas no Tocantins, que desde o in\u00edcio do ano de 2023 j\u00e1 registrou 4.815 focos de queimadas. O que coloca o estado no 4\u00ba lugar no ranking nacional, segundo o Instituto Nacional de Pesquisas Espaciais (Inpe).<\/p>\n\n\n\n<p>\u201cEsse per\u00edodo em que estamos \u00e9 conhecido pelo calor excessivo e o aumento dos focos de inc\u00eandio, que causam impactos negativos ao meio ambiente e na sa\u00fade da popula\u00e7\u00e3o\u201d, enfatiza o deputado Gutierres.<\/p>\n\n\n\n<p>O excesso de fuma\u00e7a no ar aumenta o risco de doen\u00e7as respirat\u00f3rias, al\u00e9m de comprometer a visibilidade nas ruas, tornando a locomo\u00e7\u00e3o perigosa para motoristas e pedestres. Por isso, \u00e9 necess\u00e1rio intensificar as campanhas de conscientiza\u00e7\u00e3o para que a popula\u00e7\u00e3o se sensibilize e evite pr\u00e1ticas que possam levar a queimadas. Al\u00e9m da implementa\u00e7\u00e3o de a\u00e7\u00f5es para coibir esse tipo de comportamento, bem como medidas para o combate e controle do fogo, garantindo assim a preserva\u00e7\u00e3o do meio ambiente e a sa\u00fade de todos.<\/p>\n\n\n\n<figure class=\"wp-block-image size-full is-resized\"><img loading=\"lazy\" decoding=\"async\" src=\"https:\/\/focotocantinense.com.br\/wp-content\/uploads\/2023\/08\/AAA-7.jpg\" alt=\"\" class=\"wp-image-5742\" style=\"width:406px;height:230px\" width=\"406\" height=\"230\" srcset=\"https:\/\/focotocantinense.com.br\/wp-content\/uploads\/2023\/08\/AAA-7.jpg 887w, https:\/\/focotocantinense.com.br\/wp-content\/uploads\/2023\/08\/AAA-7-300x170.jpg 300w, https:\/\/focotocantinense.com.br\/wp-content\/uploads\/2023\/08\/AAA-7-768x436.jpg 768w\" sizes=\"auto, (max-width: 406px) 100vw, 406px\" \/><\/figure>\n\n\n\n<figure class=\"wp-block-image size-full is-resized\"><img loading=\"lazy\" decoding=\"async\" src=\"https:\/\/focotocantinense.com.br\/wp-content\/uploads\/2023\/08\/VINI-5.jpg\" alt=\"\" class=\"wp-image-5741\" style=\"width:839px;height:253px\" width=\"839\" height=\"253\" srcset=\"https:\/\/focotocantinense.com.br\/wp-content\/uploads\/2023\/08\/VINI-5.jpg 640w, https:\/\/focotocantinense.com.br\/wp-content\/uploads\/2023\/08\/VINI-5-300x90.jpg 300w\" sizes=\"auto, (max-width: 839px) 100vw, 839px\" \/><\/figure>\n","protected":false},"excerpt":{"rendered":"<p>Na manh\u00e3 desta ter\u00e7a-feira, 22, o deputado estadual Gutierres Torquato apresentou, em sess\u00e3o ordin\u00e1ria da Assembleia Legislativa do Tocantins, requerimento solicitando a intensifica\u00e7\u00e3o de medidas para o combate as queimadas no Tocantins. O requerimento, enviado em regime de urg\u00eancia a Secret\u00e1rio de Meio Ambiente e Recursos H\u00eddricos do Tocantins e ao Governo do Estado busca &hellip;<\/p>\n","protected":false},"author":5,"featured_media":5742,"comment_status":"open","ping_status":"open","sticky":false,"template":"","format":"standard","meta":{"footnotes":""},"categories":[40],"tags":[],"class_list":["post-5740","post","type-post","status-publish","format-standard","has-post-thumbnail","","category-politica"],"_links":{"self":[{"href":"https:\/\/focotocantinense.com.br\/index.php?rest_route=\/wp\/v2\/posts\/5740","targetHints":{"allow":["GET"]}}],"collection":[{"href":"https:\/\/focotocantinense.com.br\/index.php?rest_route=\/wp\/v2\/posts"}],"about":[{"href":"https:\/\/focotocantinense.com.br\/index.php?rest_route=\/wp\/v2\/types\/post"}],"author":[{"embeddable":true,"href":"https:\/\/focotocantinense.com.br\/index.php?rest_route=\/wp\/v2\/users\/5"}],"replies":[{"embeddable":true,"href":"https:\/\/focotocantinense.com.br\/index.php?rest_route=%2Fwp%2Fv2%2Fcomments&post=5740"}],"version-history":[{"count":3,"href":"https:\/\/focotocantinense.com.br\/index.php?rest_route=\/wp\/v2\/posts\/5740\/revisions"}],"predecessor-version":[{"id":5745,"href":"https:\/\/focotocantinense.com.br\/index.php?rest_route=\/wp\/v2\/posts\/5740\/revisions\/5745"}],"wp:featuredmedia":[{"embeddable":true,"href":"https:\/\/focotocantinense.com.br\/index.php?rest_route=\/wp\/v2\/media\/5742"}],"wp:attachment":[{"href":"https:\/\/focotocantinense.com.br\/index.php?rest_route=%2Fwp%2Fv2%2Fmedia&parent=5740"}],"wp:term":[{"taxonomy":"category","embeddable":true,"href":"https:\/\/focotocantinense.com.br\/index.php?rest_route=%2Fwp%2Fv2%2Fcategories&post=5740"},{"taxonomy":"post_tag","embeddable":true,"href":"https:\/\/focotocantinense.com.br\/index.php?rest_route=%2Fwp%2Fv2%2Ftags&post=5740"}],"curies":[{"name":"wp","href":"https:\/\/api.w.org\/{rel}","templated":true}]}}