{"id":5728,"date":"2023-08-22T07:06:34","date_gmt":"2023-08-22T10:06:34","guid":{"rendered":"https:\/\/focotocantinense.com.br\/?p=5728"},"modified":"2023-08-22T07:08:41","modified_gmt":"2023-08-22T10:08:41","slug":"grande-lancamento-do-enxerga-tocantins-movimenta-gurupi-e-recebe-lideres-e-prefeitos-de-mais-10-de-municipios-da-regiao-sul","status":"publish","type":"post","link":"https:\/\/focotocantinense.com.br\/?p=5728","title":{"rendered":"Grande lan\u00e7amento do Enxerga Tocantins movimenta Gurupi e recebe l\u00edderes e prefeitos de mais 10 de munic\u00edpios da regi\u00e3o sul"},"content":{"rendered":"\n<p>O lan\u00e7amento oficial do programa \u201cEnxerga Tocantins\u201d, marcou o in\u00edcio desta semana no sul do Estado. Idealizado pelo Deputado Estadual Gutierres Torquato, o projeto foi lan\u00e7ando nesta segunda-feira, 21, na sede do Instituto Gratid\u00e3o Tocantins. O objetivo do programa \u00e9 realizar mutir\u00f5es de cirurgias de corre\u00e7\u00e3o de catarata e pter\u00edgio, problemas de vis\u00e3o que acometem muitas pessoas e comprometem a qualidade de vida e dignidade.<\/p>\n\n\n\n<p>&#8220;Arrepiei o dia inteiro com uma ansiedade boa no cora\u00e7\u00e3o, e torcendo para que chegasse logo as 18h&#8221;, foi assim que o deputado iniciou emocionado o seu discurso. Gutierres afirmou ainda que este foi um dos dias mais marcantes da sua trajet\u00f3ria e agradeceu a todas as lideran\u00e7as presentes.<\/p>\n\n\n\n<p>O evento de lan\u00e7amento do programa reafirmou uma das miss\u00f5es do Instituto Gratid\u00e3o Tocantins, que \u00e9 transformar vidas e mostrou e a uni\u00e3o do sul do Estado em prol da solidariedade. \u201cO \u2018Enxerga Tocantins\u2019 vai devolver a alegria para as pessoas que far\u00e3o as cirurgias de catarata e pter\u00edgio, esse \u00e9 um projeto muito grandioso\u201d, destaca o deputado Gutierres.<\/p>\n\n\n\n<p>Segundo a coordenadora do Instituto Gratid\u00e3o Tocantins, Alline Moreira \u201c\u00e9 gratificante participar de um projeto transformador e ver tantas pessoas reunidas, tantas lideran\u00e7as envolvidas mostram a seriedade e a import\u00e2ncia do \u2018Enxerga Tocantins\u2019\u201d.<\/p>\n\n\n\n<p>O presidente Dida Moreira, em coro a coordenara do Instituto e com o deputado Gutierres afirmou estar entusiasmado e emocionado com a realiza\u00e7\u00e3o do projeto.<\/p>\n\n\n\n<p>Estiveram presentes no evento importantes lideran\u00e7as do sul do Tocantins. Os prefeitos de Peixe, Cezinha; Paulo Ant\u00f4nio de Alvorada; Ribeiro de Aragua\u00e7u; Fl\u00e1via de Crixas; Big Jhow de Cristal\u00e2ndia; Divino Moraes de Sucupira; J\u00fanior Maraj\u00f3, de Cariri; e o vice-prefeito de Sandol\u00e2ndia, Luciano Barreto. Participaram tamb\u00e9m vereadores de diversos munic\u00edpios da regi\u00e3o sul, o presidente da C\u00e2mara de Gurupi, Valdonio Rodrigues e os vereadores de Gurupi: Marilis Fernandes, Leda Perini, Rodrigo Maciel, Ivanilson Marinho, Jair do Povo e Colemar Saborelle.<\/p>\n\n\n\n<p>Juarez Moreira Neto, participou do evento como representante do Vice-Governador Laurez Moreira e, representando a prefeita de Gurupi, Josi Nunes, esteve o secret\u00e1rio de Governo Silv\u00e9rio Filho.<\/p>\n\n\n\n<figure class=\"wp-block-image size-large\"><img loading=\"lazy\" decoding=\"async\" width=\"1024\" height=\"768\" src=\"https:\/\/focotocantinense.com.br\/wp-content\/uploads\/2023\/08\/bbb-2-1024x768.jpg\" alt=\"\" class=\"wp-image-5734\" srcset=\"https:\/\/focotocantinense.com.br\/wp-content\/uploads\/2023\/08\/bbb-2-1024x768.jpg 1024w, https:\/\/focotocantinense.com.br\/wp-content\/uploads\/2023\/08\/bbb-2-300x225.jpg 300w, https:\/\/focotocantinense.com.br\/wp-content\/uploads\/2023\/08\/bbb-2-768x576.jpg 768w, https:\/\/focotocantinense.com.br\/wp-content\/uploads\/2023\/08\/bbb-2-1536x1152.jpg 1536w, https:\/\/focotocantinense.com.br\/wp-content\/uploads\/2023\/08\/bbb-2.jpg 1600w\" sizes=\"auto, (max-width: 1024px) 100vw, 1024px\" \/><\/figure>\n\n\n\n<figure class=\"wp-block-image size-large\"><img loading=\"lazy\" decoding=\"async\" width=\"1024\" height=\"490\" src=\"https:\/\/focotocantinense.com.br\/wp-content\/uploads\/2023\/08\/aaaaaaaaaaaaaaaaaaaaaaaaaaaaaaaaaaaaaaaaaaaaa-1024x490.jpg\" alt=\"\" class=\"wp-image-5731\" srcset=\"https:\/\/focotocantinense.com.br\/wp-content\/uploads\/2023\/08\/aaaaaaaaaaaaaaaaaaaaaaaaaaaaaaaaaaaaaaaaaaaaa-1024x490.jpg 1024w, https:\/\/focotocantinense.com.br\/wp-content\/uploads\/2023\/08\/aaaaaaaaaaaaaaaaaaaaaaaaaaaaaaaaaaaaaaaaaaaaa-300x144.jpg 300w, https:\/\/focotocantinense.com.br\/wp-content\/uploads\/2023\/08\/aaaaaaaaaaaaaaaaaaaaaaaaaaaaaaaaaaaaaaaaaaaaa-768x368.jpg 768w, https:\/\/focotocantinense.com.br\/wp-content\/uploads\/2023\/08\/aaaaaaaaaaaaaaaaaaaaaaaaaaaaaaaaaaaaaaaaaaaaa.jpg 1071w\" sizes=\"auto, (max-width: 1024px) 100vw, 1024px\" \/><\/figure>\n\n\n\n<figure class=\"wp-block-image size-full is-resized\"><img loading=\"lazy\" decoding=\"async\" src=\"https:\/\/focotocantinense.com.br\/wp-content\/uploads\/2023\/08\/VINI-4.jpg\" alt=\"\" class=\"wp-image-5729\" style=\"width:840px;height:253px\" width=\"840\" height=\"253\" srcset=\"https:\/\/focotocantinense.com.br\/wp-content\/uploads\/2023\/08\/VINI-4.jpg 640w, https:\/\/focotocantinense.com.br\/wp-content\/uploads\/2023\/08\/VINI-4-300x90.jpg 300w\" sizes=\"auto, (max-width: 840px) 100vw, 840px\" \/><\/figure>\n","protected":false},"excerpt":{"rendered":"<p>O lan\u00e7amento oficial do programa \u201cEnxerga Tocantins\u201d, marcou o in\u00edcio desta semana no sul do Estado. Idealizado pelo Deputado Estadual Gutierres Torquato, o projeto foi lan\u00e7ando nesta segunda-feira, 21, na sede do Instituto Gratid\u00e3o Tocantins. O objetivo do programa \u00e9 realizar mutir\u00f5es de cirurgias de corre\u00e7\u00e3o de catarata e pter\u00edgio, problemas de vis\u00e3o que acometem &hellip;<\/p>\n","protected":false},"author":5,"featured_media":5734,"comment_status":"open","ping_status":"open","sticky":false,"template":"","format":"standard","meta":{"footnotes":""},"categories":[38],"tags":[],"class_list":["post-5728","post","type-post","status-publish","format-standard","has-post-thumbnail","","category-gurupi"],"_links":{"self":[{"href":"https:\/\/focotocantinense.com.br\/index.php?rest_route=\/wp\/v2\/posts\/5728","targetHints":{"allow":["GET"]}}],"collection":[{"href":"https:\/\/focotocantinense.com.br\/index.php?rest_route=\/wp\/v2\/posts"}],"about":[{"href":"https:\/\/focotocantinense.com.br\/index.php?rest_route=\/wp\/v2\/types\/post"}],"author":[{"embeddable":true,"href":"https:\/\/focotocantinense.com.br\/index.php?rest_route=\/wp\/v2\/users\/5"}],"replies":[{"embeddable":true,"href":"https:\/\/focotocantinense.com.br\/index.php?rest_route=%2Fwp%2Fv2%2Fcomments&post=5728"}],"version-history":[{"count":3,"href":"https:\/\/focotocantinense.com.br\/index.php?rest_route=\/wp\/v2\/posts\/5728\/revisions"}],"predecessor-version":[{"id":5735,"href":"https:\/\/focotocantinense.com.br\/index.php?rest_route=\/wp\/v2\/posts\/5728\/revisions\/5735"}],"wp:featuredmedia":[{"embeddable":true,"href":"https:\/\/focotocantinense.com.br\/index.php?rest_route=\/wp\/v2\/media\/5734"}],"wp:attachment":[{"href":"https:\/\/focotocantinense.com.br\/index.php?rest_route=%2Fwp%2Fv2%2Fmedia&parent=5728"}],"wp:term":[{"taxonomy":"category","embeddable":true,"href":"https:\/\/focotocantinense.com.br\/index.php?rest_route=%2Fwp%2Fv2%2Fcategories&post=5728"},{"taxonomy":"post_tag","embeddable":true,"href":"https:\/\/focotocantinense.com.br\/index.php?rest_route=%2Fwp%2Fv2%2Ftags&post=5728"}],"curies":[{"name":"wp","href":"https:\/\/api.w.org\/{rel}","templated":true}]}}