{"id":5725,"date":"2023-08-19T08:08:00","date_gmt":"2023-08-19T11:08:00","guid":{"rendered":"https:\/\/focotocantinense.com.br\/?p=5725"},"modified":"2023-08-19T08:08:01","modified_gmt":"2023-08-19T11:08:01","slug":"antonio-andrade-destinara-r-1-milhao-para-construcao-de-predio-do-corpo-de-bombeiros-no-distrito-de-luzimangues","status":"publish","type":"post","link":"https:\/\/focotocantinense.com.br\/?p=5725","title":{"rendered":"Antonio Andrade destinar\u00e1 R$ 1 milh\u00e3o para constru\u00e7\u00e3o de pr\u00e9dio do Corpo de Bombeiros no Distrito de Luzimangues"},"content":{"rendered":"\n<p>O an\u00fancio foi feito nesta quinta-feira, 17, em solenidade realizada em Porto Nacional    O deputado federal Antonio Andrade (Republicanos), acompanhado de autoridades estaduais e municipais,  incluindo o governador em exerc\u00edcio, Laurez Moreira, participou na tarde desta quinta-feira, 17 de agosto, da inaugura\u00e7\u00e3o da sede do Quartel da 3\u00aa Companhia Independente do Corpo de Bombeiros Militar de Porto Nacional.   Em discurso realizado no evento,  Antonio Andrade agradeceu a oportunidade em prestigiar a inaugura\u00e7\u00e3o, que segundo ele, trar\u00e1 muitos benef\u00edcios \u00e0 popula\u00e7\u00e3o portuense. \u201c\u00c9 uma enorme satisfa\u00e7\u00e3o participar dessa entrega que consolida o apoio necess\u00e1rio ao grupamento. Com isso, nossos Bombeiros ter\u00e3o melhores condi\u00e7\u00f5es de trabalho em depend\u00eancias devidamente adequadas, e consequentemente isso ir\u00e1 resultar em um atendimento ainda mais eficaz para a popula\u00e7\u00e3o\u201d, pontuou.  Ainda no evento, o governador em exerc\u00edcio assinou a San\u00e7\u00e3o de Lei que autoriza a doa\u00e7\u00e3o de um lote em Luzimangues ao Corpo de Bombeiros para a constru\u00e7\u00e3o de uma unidade da corpora\u00e7\u00e3o no distrito.  Logo em seguida,  o deputado Antonio Andrade anunciou a destina\u00e7\u00e3o de R$ 1 milh\u00e3o para a constru\u00e7\u00e3o de pr\u00e9dio do Corpo de Bombeiros no Distrito de Luzimangues, e ressaltou em sua fala: \u201cMinha bandeira \u00e9 Porto Nacional, e acredito totalmente que o diferencial de um bom trabalho em prol da popula\u00e7\u00e3o se chama parceria,  independente de interesses e partidos. Essa uni\u00e3o \u00e9 importante porque \u00e9 a mola propulsora que faz uma sociedade realmente avan\u00e7ar\u201d, destacou o parlamentar.    Assessoria de Comunica\u00e7\u00e3o\/Deputado Federal Antonio Andrade<\/p>\n\n\n\n<figure class=\"wp-block-image size-large\"><img loading=\"lazy\" decoding=\"async\" width=\"1024\" height=\"768\" src=\"https:\/\/focotocantinense.com.br\/wp-content\/uploads\/2023\/08\/1000287242-1024x768.jpg\" alt=\"\" class=\"wp-image-5726\" srcset=\"https:\/\/focotocantinense.com.br\/wp-content\/uploads\/2023\/08\/1000287242-1024x768.jpg 1024w, https:\/\/focotocantinense.com.br\/wp-content\/uploads\/2023\/08\/1000287242-300x225.jpg 300w, https:\/\/focotocantinense.com.br\/wp-content\/uploads\/2023\/08\/1000287242-768x576.jpg 768w, https:\/\/focotocantinense.com.br\/wp-content\/uploads\/2023\/08\/1000287242-1536x1152.jpg 1536w, https:\/\/focotocantinense.com.br\/wp-content\/uploads\/2023\/08\/1000287242.jpg 1600w\" sizes=\"auto, (max-width: 1024px) 100vw, 1024px\" \/><\/figure>\n","protected":false},"excerpt":{"rendered":"<p>O an\u00fancio foi feito nesta quinta-feira, 17, em solenidade realizada em Porto Nacional O deputado federal Antonio Andrade (Republicanos), acompanhado de autoridades estaduais e municipais, incluindo o governador em exerc\u00edcio, Laurez Moreira, participou na tarde desta quinta-feira, 17 de agosto, da inaugura\u00e7\u00e3o da sede do Quartel da 3\u00aa Companhia Independente do Corpo de Bombeiros Militar &hellip;<\/p>\n","protected":false},"author":5,"featured_media":0,"comment_status":"open","ping_status":"open","sticky":false,"template":"","format":"standard","meta":{"footnotes":""},"categories":[1],"tags":[],"class_list":["post-5725","post","type-post","status-publish","format-standard","","category-sem-categoria"],"_links":{"self":[{"href":"https:\/\/focotocantinense.com.br\/index.php?rest_route=\/wp\/v2\/posts\/5725","targetHints":{"allow":["GET"]}}],"collection":[{"href":"https:\/\/focotocantinense.com.br\/index.php?rest_route=\/wp\/v2\/posts"}],"about":[{"href":"https:\/\/focotocantinense.com.br\/index.php?rest_route=\/wp\/v2\/types\/post"}],"author":[{"embeddable":true,"href":"https:\/\/focotocantinense.com.br\/index.php?rest_route=\/wp\/v2\/users\/5"}],"replies":[{"embeddable":true,"href":"https:\/\/focotocantinense.com.br\/index.php?rest_route=%2Fwp%2Fv2%2Fcomments&post=5725"}],"version-history":[{"count":1,"href":"https:\/\/focotocantinense.com.br\/index.php?rest_route=\/wp\/v2\/posts\/5725\/revisions"}],"predecessor-version":[{"id":5727,"href":"https:\/\/focotocantinense.com.br\/index.php?rest_route=\/wp\/v2\/posts\/5725\/revisions\/5727"}],"wp:attachment":[{"href":"https:\/\/focotocantinense.com.br\/index.php?rest_route=%2Fwp%2Fv2%2Fmedia&parent=5725"}],"wp:term":[{"taxonomy":"category","embeddable":true,"href":"https:\/\/focotocantinense.com.br\/index.php?rest_route=%2Fwp%2Fv2%2Fcategories&post=5725"},{"taxonomy":"post_tag","embeddable":true,"href":"https:\/\/focotocantinense.com.br\/index.php?rest_route=%2Fwp%2Fv2%2Ftags&post=5725"}],"curies":[{"name":"wp","href":"https:\/\/api.w.org\/{rel}","templated":true}]}}