{"id":5719,"date":"2023-08-19T06:23:31","date_gmt":"2023-08-19T09:23:31","guid":{"rendered":"https:\/\/focotocantinense.com.br\/?p=5719"},"modified":"2023-08-19T06:23:31","modified_gmt":"2023-08-19T09:23:31","slug":"depois-do-lancamento-do-primeiro-livro-sobre-contos-politicos-cleber-toledo-ja-planeja-uma-serie-de-lancamentos-promissores","status":"publish","type":"post","link":"https:\/\/focotocantinense.com.br\/?p=5719","title":{"rendered":"Depois do lan\u00e7amento do primeiro livro sobre contos pol\u00edticos, Cleber Toledo j\u00e1 planeja uma s\u00e9rie de lan\u00e7amentos promissores"},"content":{"rendered":"\n<p>Diretor executivo da&nbsp;<strong>Coluna do CT,<\/strong>&nbsp;o tamb\u00e9m escritor tocantinense Cleber Toledo j\u00e1 est\u00e1 trabalhando em seu segundo livro de contos pol\u00edticos e planeja lan\u00e7ar mais livros nos pr\u00f3ximos anos. A pr\u00f3xima s\u00e9rie conta com um estilo pr\u00f3prio, semelhante ao livro lan\u00e7ado nesta quinta-feira, 17 de agosto, na livraria Leitura, no Capim Dourado Shopping.<\/p>\n\n\n\n<p>O primeiro livro dessa s\u00e9rie \u00e9 repleto de hist\u00f3rias curtas e envolventes que mergulham na fic\u00e7\u00e3o para trazer reflex\u00f5es profundas sobre o cen\u00e1rio pol\u00edtico. O livro \u201cA noiva e outros contos pol\u00edticos\u201d lan\u00e7ado nesta quinta-feira, pela editora Veloso, de Gurupi, e trata-se de uma colet\u00e2nea de 20 contos criados a partir de 2015, em que o autor mergulha na complexa \u00e1rea da pol\u00edtica atrav\u00e9s de diferentes \u00e2ngulos. Usando hist\u00f3rias curtas e envolventes, Toledo convida os leitores a refletir sobre a pr\u00e1tica pol\u00edtica predominante, marcada pelo patrimonialismo e clientelismo.<\/p>\n\n\n\n<p>O jornalista e membro da Academia Tocantinense de Letras Zacarias Martins marcou presen\u00e7a no lan\u00e7amento e contou o que o levou a adquirir a obra. \u201c\u00c9 um livro que \u00e9 refer\u00eancia na literatura tocantinense contempor\u00e2nea, pois aborda a pol\u00edtica de uma forma envolvente, ainda mais misturando pol\u00edtica com fic\u00e7\u00e3o e isso \u00e9 magnifico\u201d, contou.<\/p>\n\n\n\n<p>\u201cA Noiva e Outros Contos Pol\u00edticos\u201d est\u00e1 dispon\u00edvel na Livraria Leitura do Capim Dourado Shopping.<\/p>\n\n\n\n<p><strong>Sobre o Autor<br><\/strong>Jornalista desde 1992, formado em Comunica\u00e7\u00e3o Social \u2013 Habilita\u00e7\u00e3o Jornalismo pela Unoeste, atuou em diversos jornais do Paran\u00e1, S\u00e3o Paulo e Tocantins. Lecionou em institui\u00e7\u00f5es de ensino superior e criou o blog Clebertoledo.com.br, que originou a atual Coluna do CT. Recebeu t\u00edtulos de Cidad\u00e3o Tocantinense, a medalha Pedro Ludovico Teixeira da Assembleia Legislativa de Goi\u00e1s e o t\u00edtulo de Cidad\u00e3o Gurupiense pela C\u00e2mara de Gurupi. \u00c9 autor de \u201cContos que te conto\u201d (1995) e \u201c2018 \u2013 crise fiscal, pol\u00edtica e 3 elei\u00e7\u00f5es\u201d (Editora Veloso, 2020), tendo tamb\u00e9m participado do \u201cAnu\u00e1rio de Escritores e Poetas do Tocantins\u201d (Editora Veloso,\u00a02021\u00a0e\u00a02022).<\/p>\n\n\n\n<figure class=\"wp-block-image size-large\"><img loading=\"lazy\" decoding=\"async\" width=\"1024\" height=\"526\" src=\"https:\/\/focotocantinense.com.br\/wp-content\/uploads\/2023\/08\/Lancamento-A-Noiva-Cleber-Toledo-Foto-ItaloMendes-1130x580-1-1024x526.jpg\" alt=\"\" class=\"wp-image-5720\" srcset=\"https:\/\/focotocantinense.com.br\/wp-content\/uploads\/2023\/08\/Lancamento-A-Noiva-Cleber-Toledo-Foto-ItaloMendes-1130x580-1-1024x526.jpg 1024w, https:\/\/focotocantinense.com.br\/wp-content\/uploads\/2023\/08\/Lancamento-A-Noiva-Cleber-Toledo-Foto-ItaloMendes-1130x580-1-300x154.jpg 300w, https:\/\/focotocantinense.com.br\/wp-content\/uploads\/2023\/08\/Lancamento-A-Noiva-Cleber-Toledo-Foto-ItaloMendes-1130x580-1-768x394.jpg 768w, https:\/\/focotocantinense.com.br\/wp-content\/uploads\/2023\/08\/Lancamento-A-Noiva-Cleber-Toledo-Foto-ItaloMendes-1130x580-1.jpg 1130w\" sizes=\"auto, (max-width: 1024px) 100vw, 1024px\" \/><\/figure>\n\n\n\n<p><strong><em>Jornalista e escritor Cleber Toledo durante lan\u00e7amento de &#8220;A Noiva e Outros Contos Pol\u00edticos&#8221; (Foto: \u00cdtalo Mendes)<\/em><\/strong><\/p>\n\n\n\n<figure class=\"wp-block-image size-full is-resized\"><img loading=\"lazy\" decoding=\"async\" src=\"https:\/\/focotocantinense.com.br\/wp-content\/uploads\/2023\/08\/116b4c7d-158b-41f8-9b14-18a84491e67d.jpg\" alt=\"\" class=\"wp-image-5722\" style=\"width:840px;height:1024px\" width=\"840\" height=\"1024\"\/><\/figure>\n\n\n\n<p><em><strong>Cl\u00e9ber toledo e o amigo, tamb\u00e9m jornalista e escritor Zacarias Martins, imortal da Academia Tocantinense de Letras, prestigiando o lan\u00e7amento do livro (Foto: \u00cdtalo Mendes<\/strong>)<\/em><\/p>\n\n\n\n<figure class=\"wp-block-image size-full is-resized\"><img loading=\"lazy\" decoding=\"async\" src=\"https:\/\/focotocantinense.com.br\/wp-content\/uploads\/2023\/08\/VINI-3.jpg\" alt=\"\" class=\"wp-image-5721\" style=\"width:840px;height:193px\" width=\"840\" height=\"193\"\/><\/figure>\n","protected":false},"excerpt":{"rendered":"<p>Diretor executivo da&nbsp;Coluna do CT,&nbsp;o tamb\u00e9m escritor tocantinense Cleber Toledo j\u00e1 est\u00e1 trabalhando em seu segundo livro de contos pol\u00edticos e planeja lan\u00e7ar mais livros nos pr\u00f3ximos anos. A pr\u00f3xima s\u00e9rie conta com um estilo pr\u00f3prio, semelhante ao livro lan\u00e7ado nesta quinta-feira, 17 de agosto, na livraria Leitura, no Capim Dourado Shopping. O primeiro livro &hellip;<\/p>\n","protected":false},"author":5,"featured_media":5720,"comment_status":"open","ping_status":"open","sticky":false,"template":"","format":"standard","meta":{"footnotes":""},"categories":[37],"tags":[],"class_list":["post-5719","post","type-post","status-publish","format-standard","has-post-thumbnail","","category-palmas"],"_links":{"self":[{"href":"https:\/\/focotocantinense.com.br\/index.php?rest_route=\/wp\/v2\/posts\/5719","targetHints":{"allow":["GET"]}}],"collection":[{"href":"https:\/\/focotocantinense.com.br\/index.php?rest_route=\/wp\/v2\/posts"}],"about":[{"href":"https:\/\/focotocantinense.com.br\/index.php?rest_route=\/wp\/v2\/types\/post"}],"author":[{"embeddable":true,"href":"https:\/\/focotocantinense.com.br\/index.php?rest_route=\/wp\/v2\/users\/5"}],"replies":[{"embeddable":true,"href":"https:\/\/focotocantinense.com.br\/index.php?rest_route=%2Fwp%2Fv2%2Fcomments&post=5719"}],"version-history":[{"count":1,"href":"https:\/\/focotocantinense.com.br\/index.php?rest_route=\/wp\/v2\/posts\/5719\/revisions"}],"predecessor-version":[{"id":5723,"href":"https:\/\/focotocantinense.com.br\/index.php?rest_route=\/wp\/v2\/posts\/5719\/revisions\/5723"}],"wp:featuredmedia":[{"embeddable":true,"href":"https:\/\/focotocantinense.com.br\/index.php?rest_route=\/wp\/v2\/media\/5720"}],"wp:attachment":[{"href":"https:\/\/focotocantinense.com.br\/index.php?rest_route=%2Fwp%2Fv2%2Fmedia&parent=5719"}],"wp:term":[{"taxonomy":"category","embeddable":true,"href":"https:\/\/focotocantinense.com.br\/index.php?rest_route=%2Fwp%2Fv2%2Fcategories&post=5719"},{"taxonomy":"post_tag","embeddable":true,"href":"https:\/\/focotocantinense.com.br\/index.php?rest_route=%2Fwp%2Fv2%2Ftags&post=5719"}],"curies":[{"name":"wp","href":"https:\/\/api.w.org\/{rel}","templated":true}]}}