{"id":5707,"date":"2023-08-15T19:45:34","date_gmt":"2023-08-15T22:45:34","guid":{"rendered":"https:\/\/focotocantinense.com.br\/?p=5707"},"modified":"2023-08-15T20:05:47","modified_gmt":"2023-08-15T23:05:47","slug":"deputado-federal-antonio-andrade-e-familia-prestigiam-a-romaria-do-senhor-do-bonfim-maior-evento-religioso-do-tocantins","status":"publish","type":"post","link":"https:\/\/focotocantinense.com.br\/?p=5707","title":{"rendered":"Deputado Federal Antonio Andrade e fam\u00edlia prestigiam a Romaria do Senhor do Bonfim, maior evento religioso do Tocantins"},"content":{"rendered":"\n<p><strong><em>F\u00e9, religiosidade, hist\u00f3ria, tradi\u00e7\u00e3o e cultura, marcam o rito secular<\/em><\/strong><\/p>\n\n\n\n<p>Motivados pela devo\u00e7\u00e3o, o deputado federal Antonio Andrade, juntamente com sua esposa Virg\u00ednia Andrade e familiares, estiveram na manh\u00e3 desta ter\u00e7a-feira, 15 de agosto, no munic\u00edpio de Natividade para participar da Santa Missa na Romaria do Senhor do Bonfim. Uma das tradi\u00e7\u00f5es mais emblem\u00e1ticas do Tocantins.<\/p>\n\n\n\n<p>A Romaria \u00e9 realizada h\u00e1 mais de 200 anos no povoado do Senhor do Bonfim, uma tradi\u00e7\u00e3o oriunda da coloniza\u00e7\u00e3o portuguesa e que se tornou uma manifesta\u00e7\u00e3o da cultura popular brasileira. Al\u00e9m do Tocantins, outros estados realizam romarias semelhantes.<\/p>\n\n\n\n<p>Antonio Andrade, falou emocionado sobre a trajet\u00f3ria de peregrina\u00e7\u00e3o ao Senhor do Bonfim. \u201cFrequentamos o santu\u00e1rio h\u00e1 muitos anos, durante todo esse tempo em que professamos a nossa f\u00e9, testemunhamos momentos marcantes de muita emo\u00e7\u00e3o e gratid\u00e3o. E esse ano foi especial, tivemos um momento de reflex\u00e3o e uni\u00e3o, em que renovamos e fortalecemos as nossas cren\u00e7as agradecendo pelas b\u00ean\u00e7\u00e3os recebidas\u201d, concluiu o deputado.<\/p>\n\n\n\n<p><\/p>\n\n\n\n<figure class=\"wp-block-image is-resized\"><img loading=\"lazy\" decoding=\"async\" src=\"https:\/\/focotocantinense.com.br\/wp-content\/uploads\/2023\/08\/1000283800.jpg\" alt=\"\" class=\"wp-image-5709\" style=\"width:399px;height:299px\" width=\"399\" height=\"299\" srcset=\"https:\/\/focotocantinense.com.br\/wp-content\/uploads\/2023\/08\/1000283800.jpg 1280w, https:\/\/focotocantinense.com.br\/wp-content\/uploads\/2023\/08\/1000283800-300x225.jpg 300w, https:\/\/focotocantinense.com.br\/wp-content\/uploads\/2023\/08\/1000283800-1024x768.jpg 1024w, https:\/\/focotocantinense.com.br\/wp-content\/uploads\/2023\/08\/1000283800-768x576.jpg 768w\" sizes=\"auto, (max-width: 399px) 100vw, 399px\" \/><\/figure>\n\n\n\n<p><\/p>\n\n\n\n<figure class=\"wp-block-image size-full is-resized\"><img loading=\"lazy\" decoding=\"async\" src=\"https:\/\/focotocantinense.com.br\/wp-content\/uploads\/2023\/08\/VINI-2.jpg\" alt=\"\" class=\"wp-image-5703\" style=\"width:840px;height:193px\" width=\"840\" height=\"193\"\/><\/figure>\n","protected":false},"excerpt":{"rendered":"<p>F\u00e9, religiosidade, hist\u00f3ria, tradi\u00e7\u00e3o e cultura, marcam o rito secular Motivados pela devo\u00e7\u00e3o, o deputado federal Antonio Andrade, juntamente com sua esposa Virg\u00ednia Andrade e familiares, estiveram na manh\u00e3 desta ter\u00e7a-feira, 15 de agosto, no munic\u00edpio de Natividade para participar da Santa Missa na Romaria do Senhor do Bonfim. Uma das tradi\u00e7\u00f5es mais emblem\u00e1ticas do &hellip;<\/p>\n","protected":false},"author":5,"featured_media":5709,"comment_status":"open","ping_status":"open","sticky":false,"template":"","format":"standard","meta":{"footnotes":""},"categories":[56],"tags":[],"class_list":["post-5707","post","type-post","status-publish","format-standard","has-post-thumbnail","","category-natividade"],"_links":{"self":[{"href":"https:\/\/focotocantinense.com.br\/index.php?rest_route=\/wp\/v2\/posts\/5707","targetHints":{"allow":["GET"]}}],"collection":[{"href":"https:\/\/focotocantinense.com.br\/index.php?rest_route=\/wp\/v2\/posts"}],"about":[{"href":"https:\/\/focotocantinense.com.br\/index.php?rest_route=\/wp\/v2\/types\/post"}],"author":[{"embeddable":true,"href":"https:\/\/focotocantinense.com.br\/index.php?rest_route=\/wp\/v2\/users\/5"}],"replies":[{"embeddable":true,"href":"https:\/\/focotocantinense.com.br\/index.php?rest_route=%2Fwp%2Fv2%2Fcomments&post=5707"}],"version-history":[{"count":7,"href":"https:\/\/focotocantinense.com.br\/index.php?rest_route=\/wp\/v2\/posts\/5707\/revisions"}],"predecessor-version":[{"id":5717,"href":"https:\/\/focotocantinense.com.br\/index.php?rest_route=\/wp\/v2\/posts\/5707\/revisions\/5717"}],"wp:featuredmedia":[{"embeddable":true,"href":"https:\/\/focotocantinense.com.br\/index.php?rest_route=\/wp\/v2\/media\/5709"}],"wp:attachment":[{"href":"https:\/\/focotocantinense.com.br\/index.php?rest_route=%2Fwp%2Fv2%2Fmedia&parent=5707"}],"wp:term":[{"taxonomy":"category","embeddable":true,"href":"https:\/\/focotocantinense.com.br\/index.php?rest_route=%2Fwp%2Fv2%2Fcategories&post=5707"},{"taxonomy":"post_tag","embeddable":true,"href":"https:\/\/focotocantinense.com.br\/index.php?rest_route=%2Fwp%2Fv2%2Ftags&post=5707"}],"curies":[{"name":"wp","href":"https:\/\/api.w.org\/{rel}","templated":true}]}}