{"id":5702,"date":"2023-08-15T17:19:44","date_gmt":"2023-08-15T20:19:44","guid":{"rendered":"https:\/\/focotocantinense.com.br\/?p=5702"},"modified":"2023-08-15T17:20:38","modified_gmt":"2023-08-15T20:20:38","slug":"com-empenho-do-deputado-federal-antonio-andrade-junto-ao-governo-do-estado-hospital-regional-de-porto-nacional-reinaugura-o-setor-de-recursos-humanos-da-unidade","status":"publish","type":"post","link":"https:\/\/focotocantinense.com.br\/?p=5702","title":{"rendered":"Com empenho do deputado federal Antonio Andrade junto ao Governo do Estado, Hospital Regional de Porto Nacional reinaugura o setor de recursos humanos da unidade"},"content":{"rendered":"\n<p>O Hospital Regional de Porto Nacional (HRPN), celebra mais uma importante conquista. Na manh\u00e3 desta ter\u00e7a-feira, 15, foi reinaugurado o setor de recursos humanos da unidade. Mais um importante investimento em prol da sa\u00fade.<\/p>\n\n\n\n<p>Conforme o diretor geral do HRPN, o setor de recursos humanos \u00e9 moderno, tecnol\u00f3gico, com v\u00e1rias adapta\u00e7\u00f5es, tudo que \u00e9 preciso para atender o servidor com dignidade, respeito e conforto. \u201cPreparamos esse ambiente especial para atender e cuidar dos nossos servidores, pois n\u00f3s acreditamos que o setor de recursos humanos \u00e9 um setor que cuida de pessoas. Estamos muito gratos ao Governo do Estado, e ao deputado federal Antonio Andrade que tem nos dado todo o suporte\u201d, explicou.<\/p>\n\n\n\n<p>Welson Pinto ainda acrescentou: \u201cEssa reinaugura\u00e7\u00e3o n\u00e3o seria poss\u00edvel sem o aux\u00edlio do deputado intercedendo junto ao Governo do Estado do Tocantins, que nos proporcionou essa alegria. Vale ressaltar tamb\u00e9m que gra\u00e7as ao deputado, que destinou uma emenda parlamentar no valor de R$ 600 mil, o Hospital Regional logo contar\u00e1 com um audit\u00f3rio novinho para realiza\u00e7\u00e3o dos eventos da unidade\u201d, frisou.<\/p>\n\n\n\n<p>Antonio Andrade foi enf\u00e1tico ao afirmar que a sa\u00fade de Porto Nacional precisa avan\u00e7ar a passos largos. \u201cO governador Wanderlei Barbosa tem uma vis\u00e3o macro da situa\u00e7\u00e3o, e desse modo tem atuado conosco para resolver muitos problemas da \u00e1rea. Cumpro bem o meu papel enquanto parlamentar buscando formas de contribuir com esse processo de melhoria na sa\u00fade p\u00fablica. Nosso objetivo \u00e9 tornar a sa\u00fade portuense uma refer\u00eancia de qualidade e excel\u00eancia, condizente com as necessidades dos servidores bem como da popula\u00e7\u00e3o assistida\u201d, enfatizou o deputado.<\/p>\n\n\n\n<figure class=\"wp-block-image size-large\"><img loading=\"lazy\" decoding=\"async\" width=\"1024\" height=\"1008\" src=\"https:\/\/focotocantinense.com.br\/wp-content\/uploads\/2023\/08\/dddddddddd-1024x1008.jpg\" alt=\"\" class=\"wp-image-5704\" srcset=\"https:\/\/focotocantinense.com.br\/wp-content\/uploads\/2023\/08\/dddddddddd-1024x1008.jpg 1024w, https:\/\/focotocantinense.com.br\/wp-content\/uploads\/2023\/08\/dddddddddd-300x295.jpg 300w, https:\/\/focotocantinense.com.br\/wp-content\/uploads\/2023\/08\/dddddddddd-768x756.jpg 768w, https:\/\/focotocantinense.com.br\/wp-content\/uploads\/2023\/08\/dddddddddd.jpg 1080w\" sizes=\"auto, (max-width: 1024px) 100vw, 1024px\" \/><\/figure>\n\n\n\n<figure class=\"wp-block-image size-full is-resized\"><img loading=\"lazy\" decoding=\"async\" src=\"https:\/\/focotocantinense.com.br\/wp-content\/uploads\/2023\/08\/VINI-2.jpg\" alt=\"\" class=\"wp-image-5703\" style=\"width:840px;height:193px\" width=\"840\" height=\"193\"\/><\/figure>\n","protected":false},"excerpt":{"rendered":"<p>O Hospital Regional de Porto Nacional (HRPN), celebra mais uma importante conquista. Na manh\u00e3 desta ter\u00e7a-feira, 15, foi reinaugurado o setor de recursos humanos da unidade. Mais um importante investimento em prol da sa\u00fade. Conforme o diretor geral do HRPN, o setor de recursos humanos \u00e9 moderno, tecnol\u00f3gico, com v\u00e1rias adapta\u00e7\u00f5es, tudo que \u00e9 preciso &hellip;<\/p>\n","protected":false},"author":5,"featured_media":5704,"comment_status":"open","ping_status":"open","sticky":false,"template":"","format":"standard","meta":{"footnotes":""},"categories":[46],"tags":[],"class_list":["post-5702","post","type-post","status-publish","format-standard","has-post-thumbnail","","category-porto_nacional"],"_links":{"self":[{"href":"https:\/\/focotocantinense.com.br\/index.php?rest_route=\/wp\/v2\/posts\/5702","targetHints":{"allow":["GET"]}}],"collection":[{"href":"https:\/\/focotocantinense.com.br\/index.php?rest_route=\/wp\/v2\/posts"}],"about":[{"href":"https:\/\/focotocantinense.com.br\/index.php?rest_route=\/wp\/v2\/types\/post"}],"author":[{"embeddable":true,"href":"https:\/\/focotocantinense.com.br\/index.php?rest_route=\/wp\/v2\/users\/5"}],"replies":[{"embeddable":true,"href":"https:\/\/focotocantinense.com.br\/index.php?rest_route=%2Fwp%2Fv2%2Fcomments&post=5702"}],"version-history":[{"count":1,"href":"https:\/\/focotocantinense.com.br\/index.php?rest_route=\/wp\/v2\/posts\/5702\/revisions"}],"predecessor-version":[{"id":5705,"href":"https:\/\/focotocantinense.com.br\/index.php?rest_route=\/wp\/v2\/posts\/5702\/revisions\/5705"}],"wp:featuredmedia":[{"embeddable":true,"href":"https:\/\/focotocantinense.com.br\/index.php?rest_route=\/wp\/v2\/media\/5704"}],"wp:attachment":[{"href":"https:\/\/focotocantinense.com.br\/index.php?rest_route=%2Fwp%2Fv2%2Fmedia&parent=5702"}],"wp:term":[{"taxonomy":"category","embeddable":true,"href":"https:\/\/focotocantinense.com.br\/index.php?rest_route=%2Fwp%2Fv2%2Fcategories&post=5702"},{"taxonomy":"post_tag","embeddable":true,"href":"https:\/\/focotocantinense.com.br\/index.php?rest_route=%2Fwp%2Fv2%2Ftags&post=5702"}],"curies":[{"name":"wp","href":"https:\/\/api.w.org\/{rel}","templated":true}]}}