{"id":5690,"date":"2023-08-15T16:53:32","date_gmt":"2023-08-15T19:53:32","guid":{"rendered":"https:\/\/focotocantinense.com.br\/?p=5690"},"modified":"2023-08-15T17:02:59","modified_gmt":"2023-08-15T20:02:59","slug":"cleber-toledo-faz-reflexao-sobre-a-pratica-politica-em-seu-2o-livro-a-noiva-e-outros-contos-politicos-que-sera-lancado-na-5a","status":"publish","type":"post","link":"https:\/\/focotocantinense.com.br\/?p=5690","title":{"rendered":"Cleber Toledo faz reflex\u00e3o sobre a pr\u00e1tica pol\u00edtica em seu 2\u00ba livro, \u201cA noiva e outros contos pol\u00edticos\u201d, que ser\u00e1 lan\u00e7ado na 5\u00aa"},"content":{"rendered":"\n<p><strong>Por Zacarias Martins<\/strong><\/p>\n\n\n\n<p>O jornalista e escritor Cleber Toledo, diretor executivo da Coluna do CT, lan\u00e7ar\u00e1 na quinta-feira, 17, seu novo livro, \u201cA noiva e outros contos pol\u00edticos\u201d (Editora Veloso). O lan\u00e7amento ser\u00e1 realizado na livraria Leitura, no Capim Dourado Shopping. Toledo estar\u00e1 assinando os exemplares das 19 \u00e0s 22 horas.<\/p>\n\n\n\n<figure class=\"wp-block-image size-full is-resized\"><img loading=\"lazy\" decoding=\"async\" src=\"https:\/\/focotocantinense.com.br\/wp-content\/uploads\/2023\/08\/ccc.jpg\" alt=\"\" class=\"wp-image-5698\" style=\"width:403px;height:331px\" width=\"403\" height=\"331\" srcset=\"https:\/\/focotocantinense.com.br\/wp-content\/uploads\/2023\/08\/ccc.jpg 526w, https:\/\/focotocantinense.com.br\/wp-content\/uploads\/2023\/08\/ccc-300x246.jpg 300w\" sizes=\"auto, (max-width: 403px) 100vw, 403px\" \/><\/figure>\n\n\n\n<p>Toledo afirmou que no novo livro as pessoas v\u00e3o encontrar uma reflex\u00e3o sobre a pr\u00e1tica pol\u00edtica em diversos contextos e situa\u00e7\u00f5es. \u201cTenho dito que n\u00e3o \u00e9 uma apologia da n\u00e3o-pol\u00edtica, que nos jogou no buraco dos \u00faltimos quatro anos, mas antes uma reflex\u00e3o sobre a pr\u00e1tica pol\u00edtica mais tradicional, marcada pelo clientelismo, pelo patrimonialismo, a pol\u00edtica simplesmente, como muitas vezes ocorre, como mero neg\u00f3cio de ambos os lados, do eleitor e do pol\u00edtico\u201d, explicou o escritor.<\/p>\n\n\n\n<p>Para ele, h\u00e1 outro caminho poss\u00edvel para uma pol\u00edtica que possa contribuir para o desenvolvimento humano e social, em que a cidadania, o interesse p\u00fablico e a redu\u00e7\u00e3o das desigualdades sejam o foco.<\/p>\n\n\n\n<figure class=\"wp-block-image size-full\"><img loading=\"lazy\" decoding=\"async\" width=\"740\" height=\"440\" src=\"https:\/\/focotocantinense.com.br\/wp-content\/uploads\/2023\/08\/bbb-1.jpg\" alt=\"\" class=\"wp-image-5694\" srcset=\"https:\/\/focotocantinense.com.br\/wp-content\/uploads\/2023\/08\/bbb-1.jpg 740w, https:\/\/focotocantinense.com.br\/wp-content\/uploads\/2023\/08\/bbb-1-300x178.jpg 300w\" sizes=\"auto, (max-width: 740px) 100vw, 740px\" \/><\/figure>\n\n\n\n<p><\/p>\n\n\n\n<p><strong>PERFIL DO AUTOR<\/strong><\/p>\n\n\n\n<p>Jornalista desde 1992, Cleber Toledo \u00e9 formado em Comunica\u00e7\u00e3o Social \u2013 Habilita\u00e7\u00e3o Jornalismo pela Universidade do Oeste Paulista (Unoeste), de Presidente Prudente (SP), onde tamb\u00e9m lecionou. J\u00e1 atuou em jornais do Paran\u00e1, S\u00e3o Paulo e Tocantins, exercendo as principais fun\u00e7\u00f5es. No Tocantins, foi professor do curso de Publicidade e Propaganda das faculdades Objetivo. De 2003 a 2005 lecionou no Centro Universit\u00e1rio Luterano de Palmas (Ceulp\/Ulbra), nos cursos de Jornalismo e Publicidade e Propaganda.<\/p>\n\n\n\n<p>Em 12 de mar\u00e7o de 2005, criou o blog Clebertoledo.com.br, que originou a atual Coluna do CT. No dia 16 de dezembro de 2009, Cleber Toledo recebeu, da Assembleia Legislativa, o t\u00edtulo de Cidad\u00e3o Tocantinense; no dia 10 de setembro de 2010, a medalha Pedro Ludovico Teixeira, a mais alta comenda da Assembleia Legislativa de Goi\u00e1s; e, no dia 26 de abril de 2019, o t\u00edtulo de Cidad\u00e3o Gurupiense, concedido pela C\u00e2mara de Gurupi.<\/p>\n\n\n\n<p>\u00c9 autor de \u201cContos que te conto\u201d (1995) e \u201c2018 \u2013 crise fiscal, pol\u00edtica e 3 elei\u00e7\u00f5es\u201d (Editora Veloso, 2020), lan\u00e7ado em novembro de 2020. Ainda participou com contos do \u201cAnu\u00e1rio de Escritores e Poetas do Tocantins (Editora Veloso, 2021 e 2022).<\/p>\n\n\n\n<p>Confira em primeira m\u00e3o um trecho do conto \u201cA noiva\u201d, que d\u00e1 nome ao livro:<\/p>\n\n\n\n<p>\u201cOlhares curiosos, pensamentos profusos, sussurros impr\u00f3prios, risos maliciosos e acenos servis e refolhados. Em meio \u00e0 tormenta, deslizou num pisar vagaroso e silente sobre o carpete azul-anil. Interrompeu o andar e cumprimentou, num crispar nervoso da m\u00e3o e olhar fuzilante, o secret\u00e1rio de Estado que ouviu claramente dizer \u2018sempre querendo parecer mais importante\u2019. Deu um abra\u00e7o mel\u00edfluo na prefeita interiorana que aproveitou sua aproxima\u00e7\u00e3o e agradeceu a emenda parlamentar para a creche que a cidade tanto clamava.<\/p>\n\n\n\n<p>Atravessou o corredor em busca do ex-prefeito camuflado atr\u00e1s das cabe\u00e7as. Sumido desde a trai\u00e7\u00e3o da \u00faltima campanha eleitoral. Saudou o sorridente assessor de prefeitura na primeira cadeira, lan\u00e7ou um meigo olhar para o encorpado advogado ao lado e puxou num terno abra\u00e7o o assustado infiel, que, sem rea\u00e7\u00e3o, tremeu ao cicio: \u2018Nos reencontraremos por a\u00ed\u2019\u201d.<\/p>\n","protected":false},"excerpt":{"rendered":"<p>Por Zacarias Martins O jornalista e escritor Cleber Toledo, diretor executivo da Coluna do CT, lan\u00e7ar\u00e1 na quinta-feira, 17, seu novo livro, \u201cA noiva e outros contos pol\u00edticos\u201d (Editora Veloso). O lan\u00e7amento ser\u00e1 realizado na livraria Leitura, no Capim Dourado Shopping. Toledo estar\u00e1 assinando os exemplares das 19 \u00e0s 22 horas. Toledo afirmou que no &hellip;<\/p>\n","protected":false},"author":5,"featured_media":5691,"comment_status":"open","ping_status":"open","sticky":false,"template":"","format":"standard","meta":{"footnotes":""},"categories":[37],"tags":[],"class_list":["post-5690","post","type-post","status-publish","format-standard","has-post-thumbnail","","category-palmas"],"_links":{"self":[{"href":"https:\/\/focotocantinense.com.br\/index.php?rest_route=\/wp\/v2\/posts\/5690","targetHints":{"allow":["GET"]}}],"collection":[{"href":"https:\/\/focotocantinense.com.br\/index.php?rest_route=\/wp\/v2\/posts"}],"about":[{"href":"https:\/\/focotocantinense.com.br\/index.php?rest_route=\/wp\/v2\/types\/post"}],"author":[{"embeddable":true,"href":"https:\/\/focotocantinense.com.br\/index.php?rest_route=\/wp\/v2\/users\/5"}],"replies":[{"embeddable":true,"href":"https:\/\/focotocantinense.com.br\/index.php?rest_route=%2Fwp%2Fv2%2Fcomments&post=5690"}],"version-history":[{"count":6,"href":"https:\/\/focotocantinense.com.br\/index.php?rest_route=\/wp\/v2\/posts\/5690\/revisions"}],"predecessor-version":[{"id":5701,"href":"https:\/\/focotocantinense.com.br\/index.php?rest_route=\/wp\/v2\/posts\/5690\/revisions\/5701"}],"wp:featuredmedia":[{"embeddable":true,"href":"https:\/\/focotocantinense.com.br\/index.php?rest_route=\/wp\/v2\/media\/5691"}],"wp:attachment":[{"href":"https:\/\/focotocantinense.com.br\/index.php?rest_route=%2Fwp%2Fv2%2Fmedia&parent=5690"}],"wp:term":[{"taxonomy":"category","embeddable":true,"href":"https:\/\/focotocantinense.com.br\/index.php?rest_route=%2Fwp%2Fv2%2Fcategories&post=5690"},{"taxonomy":"post_tag","embeddable":true,"href":"https:\/\/focotocantinense.com.br\/index.php?rest_route=%2Fwp%2Fv2%2Ftags&post=5690"}],"curies":[{"name":"wp","href":"https:\/\/api.w.org\/{rel}","templated":true}]}}