{"id":5686,"date":"2023-08-12T19:50:12","date_gmt":"2023-08-12T22:50:12","guid":{"rendered":"https:\/\/focotocantinense.com.br\/?p=5686"},"modified":"2023-08-12T19:50:43","modified_gmt":"2023-08-12T22:50:43","slug":"infraero-inicia-reforma-no-terminal-de-passageiros-do-aeroporto-de-gurupi","status":"publish","type":"post","link":"https:\/\/focotocantinense.com.br\/?p=5686","title":{"rendered":"Infraero inicia reforma no terminal de passageiros do Aeroporto de Gurupi"},"content":{"rendered":"\n<p><em>A Empresa Brasileira de Infraestrutura Aeroportu\u00e1ria (Infraero) iniciou nesta semana as obras de reforma do Terminal de Passageiros (TPS) do Aeroporto Comandante Jacinto Nunes, em Gurupi. Os servi\u00e7os marcam mais um passo significativo no projeto de desenvolvimento do aeroporto.<\/em><\/p>\n\n\n\n<p><em>O gerente do Aeroporto, Tiago Lacerda, destacou que a reforma do Terminal de Passageiros (TPS) abrange uma s\u00e9rie de melhorias essenciais, incluindo a pintura tanto interna quanto externa do edif\u00edcio, a revitaliza\u00e7\u00e3o dos sistemas el\u00e9tricos e hidr\u00e1ulicos, al\u00e9m dos preparativos para uma futura climatiza\u00e7\u00e3o, visando oferecer uma experi\u00eancia aprimorada aos usu\u00e1rios do Aeroporto.]<\/em><\/p>\n\n\n\n<p>Lacerda acrescentou que a reforma do TPS faz parte do projeto da Infraero para o desenvolvimento do Aeroporto, com o objetivo de proporcionar mais seguran\u00e7a e conforto aos usu\u00e1rios. Refor\u00e7ou ainda que ap\u00f3s a reforma do TPS, est\u00e3o previstas reformas e melhorias em outros espa\u00e7os do Aeroporto.<\/p>\n\n\n\n<p>A prefeita Josi Nunes ressaltou a import\u00e2ncia da reforma e destacou que esses avan\u00e7os e melhorias s\u00e3o especialmente significativos ap\u00f3s a concess\u00e3o da gest\u00e3o e opera\u00e7\u00e3o do aeroporto para a Infraero. \u201cEstamos comprometidos em elevar o padr\u00e3o do Aeroporto Comandante Jacinto Nunes para novos patamares de excel\u00eancia. Essa reforma tornar\u00e1 a experi\u00eancia dos passageiros mais agrad\u00e1vel, promovendo melhorias na estrutura e servi\u00e7os oferecidos no nosso Aeroporto, \u00e9 mais um passo para que ele se torne refer\u00eancia e para que possa receber voos comerciais ap\u00f3s sua estrutura\u00e7\u00e3o\u201d, enfatizou a prefeita.<\/p>\n\n\n\n<p>Desde o in\u00edcio do m\u00eas de julho, a Infraero assumiu a gest\u00e3o administrativa e operacional do Aeroporto de Gurupi, ap\u00f3s ser contratada pela Prefeitura. Hoje a companhia \u00e9 respons\u00e1vel pela fiscaliza\u00e7\u00e3o operacional, vistorias e inspe\u00e7\u00f5es, bem como por atividades de seguran\u00e7a aeroportu\u00e1ria, meio ambiente, manuten\u00e7\u00e3o preventiva, comerciais e financeiras, Tecnologia da Informa\u00e7\u00e3o (TI), entre outras. O prazo para a presta\u00e7\u00e3o dos servi\u00e7os \u00e9 de 12 meses, podendo ser prorrogado por igual per\u00edodo at\u00e9 o limite de 60 meses.<\/p>\n\n\n\n<figure class=\"wp-block-image size-full\"><img loading=\"lazy\" decoding=\"async\" width=\"892\" height=\"487\" src=\"https:\/\/focotocantinense.com.br\/wp-content\/uploads\/2023\/08\/AAA-4.jpg\" alt=\"\" class=\"wp-image-5687\" srcset=\"https:\/\/focotocantinense.com.br\/wp-content\/uploads\/2023\/08\/AAA-4.jpg 892w, https:\/\/focotocantinense.com.br\/wp-content\/uploads\/2023\/08\/AAA-4-300x164.jpg 300w, https:\/\/focotocantinense.com.br\/wp-content\/uploads\/2023\/08\/AAA-4-768x419.jpg 768w\" sizes=\"auto, (max-width: 892px) 100vw, 892px\" \/><\/figure>\n\n\n<div class=\"wp-block-image\">\n<figure class=\"aligncenter\"><img decoding=\"async\" src=\"https:\/\/portaldoamaral.com.br\/wp-content\/uploads\/2023\/08\/Infraero-inicia-reforma-no-terminal-de-passageiros-do-Aeroporto-de-Gurupi-2.jpg\" alt=\"\" class=\"wp-image-138212\"\/><\/figure>\n<\/div>\n\n\n<figure class=\"wp-block-image is-resized\"><img loading=\"lazy\" decoding=\"async\" src=\"http:\/\/n1to.com.br\/img\/uploads\/VINI_132.jpg\" alt=\"\" style=\"width:840px;height:193px\" width=\"840\" height=\"193\"\/><\/figure>\n","protected":false},"excerpt":{"rendered":"<p>A Empresa Brasileira de Infraestrutura Aeroportu\u00e1ria (Infraero) iniciou nesta semana as obras de reforma do Terminal de Passageiros (TPS) do Aeroporto Comandante Jacinto Nunes, em Gurupi. Os servi\u00e7os marcam mais um passo significativo no projeto de desenvolvimento do aeroporto. O gerente do Aeroporto, Tiago Lacerda, destacou que a reforma do Terminal de Passageiros (TPS) abrange &hellip;<\/p>\n","protected":false},"author":5,"featured_media":5687,"comment_status":"open","ping_status":"open","sticky":false,"template":"","format":"standard","meta":{"footnotes":""},"categories":[1],"tags":[],"class_list":["post-5686","post","type-post","status-publish","format-standard","has-post-thumbnail","","category-sem-categoria"],"_links":{"self":[{"href":"https:\/\/focotocantinense.com.br\/index.php?rest_route=\/wp\/v2\/posts\/5686","targetHints":{"allow":["GET"]}}],"collection":[{"href":"https:\/\/focotocantinense.com.br\/index.php?rest_route=\/wp\/v2\/posts"}],"about":[{"href":"https:\/\/focotocantinense.com.br\/index.php?rest_route=\/wp\/v2\/types\/post"}],"author":[{"embeddable":true,"href":"https:\/\/focotocantinense.com.br\/index.php?rest_route=\/wp\/v2\/users\/5"}],"replies":[{"embeddable":true,"href":"https:\/\/focotocantinense.com.br\/index.php?rest_route=%2Fwp%2Fv2%2Fcomments&post=5686"}],"version-history":[{"count":2,"href":"https:\/\/focotocantinense.com.br\/index.php?rest_route=\/wp\/v2\/posts\/5686\/revisions"}],"predecessor-version":[{"id":5689,"href":"https:\/\/focotocantinense.com.br\/index.php?rest_route=\/wp\/v2\/posts\/5686\/revisions\/5689"}],"wp:featuredmedia":[{"embeddable":true,"href":"https:\/\/focotocantinense.com.br\/index.php?rest_route=\/wp\/v2\/media\/5687"}],"wp:attachment":[{"href":"https:\/\/focotocantinense.com.br\/index.php?rest_route=%2Fwp%2Fv2%2Fmedia&parent=5686"}],"wp:term":[{"taxonomy":"category","embeddable":true,"href":"https:\/\/focotocantinense.com.br\/index.php?rest_route=%2Fwp%2Fv2%2Fcategories&post=5686"},{"taxonomy":"post_tag","embeddable":true,"href":"https:\/\/focotocantinense.com.br\/index.php?rest_route=%2Fwp%2Fv2%2Ftags&post=5686"}],"curies":[{"name":"wp","href":"https:\/\/api.w.org\/{rel}","templated":true}]}}