{"id":5677,"date":"2023-08-11T17:24:20","date_gmt":"2023-08-11T20:24:20","guid":{"rendered":"https:\/\/focotocantinense.com.br\/?p=5677"},"modified":"2023-08-11T17:29:33","modified_gmt":"2023-08-11T20:29:33","slug":"moradores-de-gurupi-podem-concorrer-a-projeto-de-arquitetura-elaborado-por-estudantes-de-engenharia-civil-da-unirg","status":"publish","type":"post","link":"https:\/\/focotocantinense.com.br\/?p=5677","title":{"rendered":"Moradores de Gurupi podem concorrer a projeto de arquitetura elaborado por estudantes de Engenharia Civil da UnirG"},"content":{"rendered":"\n<p>Est\u00e3o abertas at\u00e9 03 de setembro, as inscri\u00e7\u00f5es para concorrer a um projeto de arquitetura, produzido por acad\u00eamicos do 8\u00ba per\u00edodo do curso de Engenharia Civil, da Universidade de Gurupi. O interessado deve apenas enviar um e-mail para&nbsp;<a href=\"mailto:camilaribeiro@unirg.edu.br\" target=\"_blank\" rel=\"noreferrer noopener\">camilaribeiro@unirg.edu.<wbr>br<\/a>, contendo o nome completo, contato e tipo de projeto (residencial, comercial, religioso). Pode participar toda a comunidade de Gurupi e a inscri\u00e7\u00e3o \u00e9 gratuita. A proposta pode ser tanto para projeto de constru\u00e7\u00e3o ou reforma.<\/p>\n\n\n\n<p>Conforme a professora Camila Ribeiro, da disciplina de Projeto Arquitet\u00f4nico, \u201cessa atividade de extens\u00e3o \u00e9 desenvolvida desde 2020, com o objetivo de integrar a teoria com a pr\u00e1tica, fornecendo aos acad\u00eamicos a experi\u00eancia de conviver e atender um cliente real. Al\u00e9m de contribuir com a sociedade, minimizando o n\u00famero de edifica\u00e7\u00f5es executadas sem projeto arquitet\u00f4nico elaborado por profissional habilitado\u201d, afirmou a professora.<\/p>\n\n\n\n<p>Sobre a sele\u00e7\u00e3o a professora relata que \u201cfazemos de forma bem simples, apenas analisando o tipo do projeto e localiza\u00e7\u00e3o, dando prefer\u00eancia aos projetos no per\u00edmetro urbano de Gurupi\u201d, destacou Ribeiro.<\/p>\n\n\n\n<p><strong>Etapas<\/strong><\/p>\n\n\n\n<p>Ap\u00f3s selecionar o cliente, a equipe entrar\u00e1 em contato para agendar uma reuni\u00e3o, em formato de entrevista para captar as necessidades do cliente. Em seguida, ser\u00e1 realizada uma visita t\u00e9cnica ao terreno ou para o caso de reforma, \u00e0 edifica\u00e7\u00e3o. No caso de reforma, ser\u00e1 elaborado um relat\u00f3rio com as condi\u00e7\u00f5es em que se encontra a edifica\u00e7\u00e3o.<\/p>\n\n\n\n<p>A pr\u00f3xima etapa, ap\u00f3s realizados os levantamentos arquitet\u00f4nicos, ser\u00e1 a elabora\u00e7\u00e3o do projeto. Em seguida os acad\u00eamicos far\u00e3o a apresenta\u00e7\u00e3o ao cliente, que ir\u00e1 escolher um dos projetos.<\/p>\n\n\n\n<p>\u201cA elabora\u00e7\u00e3o do projeto \u00e9 sem custo, quando o cliente for executar \u00e9 necess\u00e1rio encontrar um profissional apenas para ser o respons\u00e1vel t\u00e9cnico\u201d, frisou a professora.<\/p>\n\n\n\n<p>Camila Ribeiro informou ainda que, durante o processo a professora estar\u00e1 dispon\u00edvel para orienta\u00e7\u00f5es e apoio.<\/p>\n\n\n\n<p><strong>Cronograma<\/strong><\/p>\n\n\n\n<p>A entrevista com o cliente ser\u00e1 em 02 de outubro. J\u00e1 a visita t\u00e9cnica, em 06 de outubro e a apresenta\u00e7\u00e3o do projeto em 27 de dezembro.<\/p>\n\n\n\n<figure class=\"wp-block-image size-full is-resized\"><img loading=\"lazy\" decoding=\"async\" src=\"https:\/\/focotocantinense.com.br\/wp-content\/uploads\/2023\/08\/aaaa.jpg\" alt=\"\" class=\"wp-image-5682\" style=\"width:840px;height:822px\" width=\"840\" height=\"822\" srcset=\"https:\/\/focotocantinense.com.br\/wp-content\/uploads\/2023\/08\/aaaa.jpg 519w, https:\/\/focotocantinense.com.br\/wp-content\/uploads\/2023\/08\/aaaa-300x294.jpg 300w\" sizes=\"auto, (max-width: 840px) 100vw, 840px\" \/><\/figure>\n\n\n\n<figure class=\"wp-block-image size-full is-resized\"><img loading=\"lazy\" decoding=\"async\" src=\"https:\/\/focotocantinense.com.br\/wp-content\/uploads\/2023\/08\/VINI-1.jpg\" alt=\"\" class=\"wp-image-5660\" style=\"width:840px;height:193px\" width=\"840\" height=\"193\"\/><\/figure>\n","protected":false},"excerpt":{"rendered":"<p>Est\u00e3o abertas at\u00e9 03 de setembro, as inscri\u00e7\u00f5es para concorrer a um projeto de arquitetura, produzido por acad\u00eamicos do 8\u00ba per\u00edodo do curso de Engenharia Civil, da Universidade de Gurupi. O interessado deve apenas enviar um e-mail para&nbsp;camilaribeiro@unirg.edu.br, contendo o nome completo, contato e tipo de projeto (residencial, comercial, religioso). Pode participar toda a comunidade &hellip;<\/p>\n","protected":false},"author":5,"featured_media":5678,"comment_status":"open","ping_status":"open","sticky":false,"template":"","format":"standard","meta":{"footnotes":""},"categories":[38],"tags":[],"class_list":["post-5677","post","type-post","status-publish","format-standard","has-post-thumbnail","","category-gurupi"],"_links":{"self":[{"href":"https:\/\/focotocantinense.com.br\/index.php?rest_route=\/wp\/v2\/posts\/5677","targetHints":{"allow":["GET"]}}],"collection":[{"href":"https:\/\/focotocantinense.com.br\/index.php?rest_route=\/wp\/v2\/posts"}],"about":[{"href":"https:\/\/focotocantinense.com.br\/index.php?rest_route=\/wp\/v2\/types\/post"}],"author":[{"embeddable":true,"href":"https:\/\/focotocantinense.com.br\/index.php?rest_route=\/wp\/v2\/users\/5"}],"replies":[{"embeddable":true,"href":"https:\/\/focotocantinense.com.br\/index.php?rest_route=%2Fwp%2Fv2%2Fcomments&post=5677"}],"version-history":[{"count":6,"href":"https:\/\/focotocantinense.com.br\/index.php?rest_route=\/wp\/v2\/posts\/5677\/revisions"}],"predecessor-version":[{"id":5685,"href":"https:\/\/focotocantinense.com.br\/index.php?rest_route=\/wp\/v2\/posts\/5677\/revisions\/5685"}],"wp:featuredmedia":[{"embeddable":true,"href":"https:\/\/focotocantinense.com.br\/index.php?rest_route=\/wp\/v2\/media\/5678"}],"wp:attachment":[{"href":"https:\/\/focotocantinense.com.br\/index.php?rest_route=%2Fwp%2Fv2%2Fmedia&parent=5677"}],"wp:term":[{"taxonomy":"category","embeddable":true,"href":"https:\/\/focotocantinense.com.br\/index.php?rest_route=%2Fwp%2Fv2%2Fcategories&post=5677"},{"taxonomy":"post_tag","embeddable":true,"href":"https:\/\/focotocantinense.com.br\/index.php?rest_route=%2Fwp%2Fv2%2Ftags&post=5677"}],"curies":[{"name":"wp","href":"https:\/\/api.w.org\/{rel}","templated":true}]}}