{"id":5670,"date":"2023-08-11T08:53:57","date_gmt":"2023-08-11T11:53:57","guid":{"rendered":"https:\/\/focotocantinense.com.br\/?p=5670"},"modified":"2023-08-11T09:03:59","modified_gmt":"2023-08-11T12:03:59","slug":"antonio-andrade-destina-r-300-mil-para-construcao-de-unidade-de-saude-em-lagoa-da-confusao","status":"publish","type":"post","link":"https:\/\/focotocantinense.com.br\/?p=5670","title":{"rendered":"Antonio Andrade destina R$ 300 mil para constru\u00e7\u00e3o de Unidade de Sa\u00fade em Lagoa da Confus\u00e3o"},"content":{"rendered":"\n<p>A edifica\u00e7\u00e3o ser\u00e1 constru\u00edda no bairro Novo Jardim<\/p>\n\n\n\n<p>O deputado federal Antonio Andrade (Republicanos), acolheu pedido do prefeito Thiago Lagoense e destinou via emenda parlamentar R$ 300 mil para investimento em sa\u00fade na cidade de Lagoa da Confus\u00e3o. Reafirmando a atua\u00e7\u00e3o do parlamentar que d\u00e1 as a\u00e7\u00f5es voltadas \u00e0 sa\u00fade uma aten\u00e7\u00e3o especial, a fim de atender as demandas da popula\u00e7\u00e3o e dos munic\u00edpios.<\/p>\n\n\n\n<p>O prefeito de Lagoa da Confus\u00e3o, Thiago Lagoense, expressou sua gratid\u00e3o ao deputado. \u201cSomos gratos pela parceria e confian\u00e7a em nosso munic\u00edpio. Com todos unidos, Lagoa s\u00f3 tem a ganhar. Este recurso ser\u00e1 utilizado para iniciarmos \u00e0 constru\u00e7\u00e3o do t\u00e3o sonhado posto de sa\u00fade do Novo Jardim de forma imediata. Essa conquista \u00e9 muito importante para n\u00f3s e partiu de um pedido meu, do vice-prefeito, Salu, e dos vereadores Di, Nelv\u00ed, Welice, Davi, Alan e Romivaldo, al\u00e9m de toda equipe da gest\u00e3o municipal. Muita gratid\u00e3o ao deputado Antonio Andrade, um parceiro comprometido e dedicado com o bem-estar do povo\u201d, enfatizou.<\/p>\n\n\n\n<p>Conforme o deputado, ele possui um olhar sens\u00edvel a causa. \u201cA sa\u00fade \u00e9 uma prioridade para o meu mandato, sou grato a Deus por poder contribuir com essa \u00e1rea t\u00e3o essencial para a popula\u00e7\u00e3o, conseguindo desse modo garantir maior qualidade de vida e um atendimento humanizado para quem mais precisa\u201d, destacou o deputado.<\/p>\n\n\n\n<figure class=\"wp-block-image size-full\"><img loading=\"lazy\" decoding=\"async\" width=\"900\" height=\"600\" src=\"https:\/\/focotocantinense.com.br\/wp-content\/uploads\/2023\/08\/aaaaaaaaaaaa.jpg\" alt=\"\" class=\"wp-image-5675\" srcset=\"https:\/\/focotocantinense.com.br\/wp-content\/uploads\/2023\/08\/aaaaaaaaaaaa.jpg 900w, https:\/\/focotocantinense.com.br\/wp-content\/uploads\/2023\/08\/aaaaaaaaaaaa-300x200.jpg 300w, https:\/\/focotocantinense.com.br\/wp-content\/uploads\/2023\/08\/aaaaaaaaaaaa-768x512.jpg 768w\" sizes=\"auto, (max-width: 900px) 100vw, 900px\" \/><\/figure>\n\n\n\n<figure class=\"wp-block-image is-resized\"><img loading=\"lazy\" decoding=\"async\" src=\"http:\/\/n1to.com.br\/img\/uploads\/VINI_132.jpg\" alt=\"\" style=\"width:840px;height:193px\" width=\"840\" height=\"193\"\/><\/figure>\n","protected":false},"excerpt":{"rendered":"<p>A edifica\u00e7\u00e3o ser\u00e1 constru\u00edda no bairro Novo Jardim O deputado federal Antonio Andrade (Republicanos), acolheu pedido do prefeito Thiago Lagoense e destinou via emenda parlamentar R$ 300 mil para investimento em sa\u00fade na cidade de Lagoa da Confus\u00e3o. Reafirmando a atua\u00e7\u00e3o do parlamentar que d\u00e1 as a\u00e7\u00f5es voltadas \u00e0 sa\u00fade uma aten\u00e7\u00e3o especial, a fim &hellip;<\/p>\n","protected":false},"author":5,"featured_media":5551,"comment_status":"open","ping_status":"open","sticky":false,"template":"","format":"standard","meta":{"footnotes":""},"categories":[1],"tags":[],"class_list":["post-5670","post","type-post","status-publish","format-standard","has-post-thumbnail","","category-sem-categoria"],"_links":{"self":[{"href":"https:\/\/focotocantinense.com.br\/index.php?rest_route=\/wp\/v2\/posts\/5670","targetHints":{"allow":["GET"]}}],"collection":[{"href":"https:\/\/focotocantinense.com.br\/index.php?rest_route=\/wp\/v2\/posts"}],"about":[{"href":"https:\/\/focotocantinense.com.br\/index.php?rest_route=\/wp\/v2\/types\/post"}],"author":[{"embeddable":true,"href":"https:\/\/focotocantinense.com.br\/index.php?rest_route=\/wp\/v2\/users\/5"}],"replies":[{"embeddable":true,"href":"https:\/\/focotocantinense.com.br\/index.php?rest_route=%2Fwp%2Fv2%2Fcomments&post=5670"}],"version-history":[{"count":3,"href":"https:\/\/focotocantinense.com.br\/index.php?rest_route=\/wp\/v2\/posts\/5670\/revisions"}],"predecessor-version":[{"id":5676,"href":"https:\/\/focotocantinense.com.br\/index.php?rest_route=\/wp\/v2\/posts\/5670\/revisions\/5676"}],"wp:featuredmedia":[{"embeddable":true,"href":"https:\/\/focotocantinense.com.br\/index.php?rest_route=\/wp\/v2\/media\/5551"}],"wp:attachment":[{"href":"https:\/\/focotocantinense.com.br\/index.php?rest_route=%2Fwp%2Fv2%2Fmedia&parent=5670"}],"wp:term":[{"taxonomy":"category","embeddable":true,"href":"https:\/\/focotocantinense.com.br\/index.php?rest_route=%2Fwp%2Fv2%2Fcategories&post=5670"},{"taxonomy":"post_tag","embeddable":true,"href":"https:\/\/focotocantinense.com.br\/index.php?rest_route=%2Fwp%2Fv2%2Ftags&post=5670"}],"curies":[{"name":"wp","href":"https:\/\/api.w.org\/{rel}","templated":true}]}}