{"id":5663,"date":"2023-08-11T06:56:17","date_gmt":"2023-08-11T09:56:17","guid":{"rendered":"https:\/\/focotocantinense.com.br\/?p=5663"},"modified":"2023-08-11T07:03:41","modified_gmt":"2023-08-11T10:03:41","slug":"universidade-da-maturidade-vence-premio-darcy-ribeiro-de-educacao-2023","status":"publish","type":"post","link":"https:\/\/focotocantinense.com.br\/?p=5663","title":{"rendered":"Universidade da Maturidade vence Pr\u00eamio Darcy Ribeiro de Educa\u00e7\u00e3o 2023"},"content":{"rendered":"\n<p>A Universidade da Maturidade (UMA), da Universidade Federal do Tocantins (UFT), \u00e9 uma das tr\u00eas vencedoras do Pr\u00eamio Darcy Ribeiro de Educa\u00e7\u00e3o 2023. O an\u00fancio foi feito nesta quarta-feira, 9, pela Comiss\u00e3o de Educa\u00e7\u00e3o da C\u00e2mara dos Deputados. Tamb\u00e9m foram agraciados o Governo do Estado de Alagoas e a Escola Especial Favo de Mel (RJ).<\/p>\n\n\n\n<p>O pr\u00eamio \u00e9 conferido anualmente pela Comiss\u00e3o de Educa\u00e7\u00e3o e pela Mesa Diretora a tr\u00eas indiv\u00edduos ou entidades cujos trabalhos ou a\u00e7\u00f5es merecem destaque na defesa e promo\u00e7\u00e3o da educa\u00e7\u00e3o no Brasil. A cerim\u00f4nia de entrega do pr\u00eamio ocorrer\u00e1 em 24 de outubro.<\/p>\n\n\n\n<p>Emocionado, o coordenador da UMA, Luiz Sin\u00e9sio Neto, expressou sua alegria ao ver o projeto tocantinense sendo reconhecido a n\u00edvel nacional: \u201c\u00c9 uma emo\u00e7\u00e3o imensa. \u00c9 gratificante celebrar essa vit\u00f3ria, que n\u00e3o pertence somente a n\u00f3s, mas sim a todos os mais de seis mil e quinhentos idosos que j\u00e1 se formaram na UMA, bem como a todo o Tocantins, que foi pioneiro na promo\u00e7\u00e3o da inclus\u00e3o e desenvolvimento social por meio da educa\u00e7\u00e3o\u201d, afirmou.<\/p>\n\n\n\n<p>A UMA concorreu por indica\u00e7\u00e3o do deputado federal Ricardo Ayres e teve apoio parlamentar da senadora Professora Dorinha e dos deputados Carlos Gaguim e Eli Borges.<\/p>\n\n\n\n<p><strong>Quem foi Darcy Ribeiro<\/strong><\/p>\n\n\n\n<p>Antrop\u00f3logo, escritor e pol\u00edtico, Darcy Ribeiro foi um dos principais intelectuais brasileiros e o fundador da Universidade de Bras\u00edlia (UnB). Nascido em Montes Claros (MG) em 1922, formou-se na Escola de Sociologia e Pol\u00edtica da Universidade de S\u00e3o Paulo (USP) em 1946.<\/p>\n\n\n\n<p>Como etn\u00f3logo do Servi\u00e7o de Prote\u00e7\u00e3o ao \u00cdndio, passou per\u00edodos com v\u00e1rias tribos ind\u00edgenas. Ele foi ministro da Educa\u00e7\u00e3o (1962-1963) e chefe da Casa Civil da Presid\u00eancia da Rep\u00fablica (1963-1964). Como vice-governador do Rio de Janeiro (1983-1987), implementou os Centros Integrados de Ensino P\u00fablico (Ciep). De 1991 at\u00e9 seu falecimento em 1997, foi senador pelo Rio de Janeiro.<\/p>\n\n\n\n<figure class=\"wp-block-image size-full\"><img loading=\"lazy\" decoding=\"async\" width=\"915\" height=\"475\" src=\"https:\/\/focotocantinense.com.br\/wp-content\/uploads\/2023\/08\/UMA.jpg\" alt=\"\" class=\"wp-image-5665\" srcset=\"https:\/\/focotocantinense.com.br\/wp-content\/uploads\/2023\/08\/UMA.jpg 915w, https:\/\/focotocantinense.com.br\/wp-content\/uploads\/2023\/08\/UMA-300x156.jpg 300w, https:\/\/focotocantinense.com.br\/wp-content\/uploads\/2023\/08\/UMA-768x399.jpg 768w\" sizes=\"auto, (max-width: 915px) 100vw, 915px\" \/><\/figure>\n\n\n\n<figure class=\"wp-block-image\"><img decoding=\"async\" src=\"http:\/\/n1to.com.br\/img\/uploads\/aaaa_8.jpg\" alt=\"\"\/><\/figure>\n\n\n\n<figure class=\"wp-block-image is-resized\"><img loading=\"lazy\" decoding=\"async\" src=\"http:\/\/n1to.com.br\/img\/uploads\/VINI_132.jpg\" alt=\"\" style=\"width:840px;height:253px\" width=\"840\" height=\"253\"\/><\/figure>\n","protected":false},"excerpt":{"rendered":"<p>A Universidade da Maturidade (UMA), da Universidade Federal do Tocantins (UFT), \u00e9 uma das tr\u00eas vencedoras do Pr\u00eamio Darcy Ribeiro de Educa\u00e7\u00e3o 2023. O an\u00fancio foi feito nesta quarta-feira, 9, pela Comiss\u00e3o de Educa\u00e7\u00e3o da C\u00e2mara dos Deputados. Tamb\u00e9m foram agraciados o Governo do Estado de Alagoas e a Escola Especial Favo de Mel (RJ). &hellip;<\/p>\n","protected":false},"author":5,"featured_media":5664,"comment_status":"open","ping_status":"open","sticky":false,"template":"","format":"standard","meta":{"footnotes":""},"categories":[1],"tags":[],"class_list":["post-5663","post","type-post","status-publish","format-standard","has-post-thumbnail","","category-sem-categoria"],"_links":{"self":[{"href":"https:\/\/focotocantinense.com.br\/index.php?rest_route=\/wp\/v2\/posts\/5663","targetHints":{"allow":["GET"]}}],"collection":[{"href":"https:\/\/focotocantinense.com.br\/index.php?rest_route=\/wp\/v2\/posts"}],"about":[{"href":"https:\/\/focotocantinense.com.br\/index.php?rest_route=\/wp\/v2\/types\/post"}],"author":[{"embeddable":true,"href":"https:\/\/focotocantinense.com.br\/index.php?rest_route=\/wp\/v2\/users\/5"}],"replies":[{"embeddable":true,"href":"https:\/\/focotocantinense.com.br\/index.php?rest_route=%2Fwp%2Fv2%2Fcomments&post=5663"}],"version-history":[{"count":2,"href":"https:\/\/focotocantinense.com.br\/index.php?rest_route=\/wp\/v2\/posts\/5663\/revisions"}],"predecessor-version":[{"id":5668,"href":"https:\/\/focotocantinense.com.br\/index.php?rest_route=\/wp\/v2\/posts\/5663\/revisions\/5668"}],"wp:featuredmedia":[{"embeddable":true,"href":"https:\/\/focotocantinense.com.br\/index.php?rest_route=\/wp\/v2\/media\/5664"}],"wp:attachment":[{"href":"https:\/\/focotocantinense.com.br\/index.php?rest_route=%2Fwp%2Fv2%2Fmedia&parent=5663"}],"wp:term":[{"taxonomy":"category","embeddable":true,"href":"https:\/\/focotocantinense.com.br\/index.php?rest_route=%2Fwp%2Fv2%2Fcategories&post=5663"},{"taxonomy":"post_tag","embeddable":true,"href":"https:\/\/focotocantinense.com.br\/index.php?rest_route=%2Fwp%2Fv2%2Ftags&post=5663"}],"curies":[{"name":"wp","href":"https:\/\/api.w.org\/{rel}","templated":true}]}}