{"id":5659,"date":"2023-08-10T18:29:26","date_gmt":"2023-08-10T21:29:26","guid":{"rendered":"https:\/\/focotocantinense.com.br\/?p=5659"},"modified":"2023-08-10T18:30:29","modified_gmt":"2023-08-10T21:30:29","slug":"deputado-antonio-andrade-destina-r-413-mil-para-investimento-na-reforma-do-ginasio-de-esportes-municipal-de-porto-nacional","status":"publish","type":"post","link":"https:\/\/focotocantinense.com.br\/?p=5659","title":{"rendered":"Deputado Antonio Andrade destina R$ 413 mil para investimento na reforma do Gin\u00e1sio de Esportes Municipal de Porto Nacional"},"content":{"rendered":"\n<p><\/p>\n\n\n\n<p>Conforme o deputado federal, essas melhorias trar\u00e3o a seguran\u00e7a e modernidade que o espa\u00e7o precisa<\/p>\n\n\n\n<p>Atendendo uma demanda antiga da comunidade e desportistas portuenses, o Gin\u00e1sio de Esportes municipal ser\u00e1 reformado. O an\u00fancio foi feito nesta quarta-feira, 9 de agosto, pelo deputado federal Antonio Andrade (Republicanos), que destinou recursos na ordem de R$ 413 mil para investimento nesta obra. Para assegurar o montante necess\u00e1rio nessa importante realiza\u00e7\u00e3o, o deputado federal, Ricardo Ayres, tamb\u00e9m do Republicanos, destinou a mesma quantia.<\/p>\n\n\n\n<p>O processo de licita\u00e7\u00e3o j\u00e1 est\u00e1 em curso, e o quanto antes o valor for liberado os trabalhos ser\u00e3o iniciados.<\/p>\n\n\n\n<p>Em entrevista, o deputado Antonio Andrade destacou: \u201cA destina\u00e7\u00e3o dos recursos atende reivindica\u00e7\u00f5es da popula\u00e7\u00e3o, em prol da valoriza\u00e7\u00e3o e incentivo a pr\u00e1tica esportiva em todas as modalidades garantindo melhorias estruturais desde os banheiros at\u00e9 a fechada, uma reforma geral, ser\u00e1 uma moderniza\u00e7\u00e3o completa. Com isso, o espa\u00e7o ter\u00e1 condi\u00e7\u00f5es de receber competi\u00e7\u00f5es municipais, estaduais e at\u00e9 nacionais se poss\u00edvel. Nossos esportistas certamente ficar\u00e3o muito contentes com essa iniciativa\u201d, explicou.<\/p>\n\n\n\n<p>O parlamentar ainda completou, \u201co aporte financeiro \u00e9 indispens\u00e1vel para fomentar o esporte em Porto Nacional e regi\u00e3o. Me alegro em propiciar essa conquista, pois o intuito \u00e9 seguir sendo um colaborador direto nos avan\u00e7os da cidade\u201d, enfatizou, Antonio Andrade.<\/p>\n\n\n\n<figure class=\"wp-block-image size-large\"><img loading=\"lazy\" decoding=\"async\" width=\"1024\" height=\"768\" src=\"https:\/\/focotocantinense.com.br\/wp-content\/uploads\/2023\/08\/vvvvvvvv-1024x768.jpg\" alt=\"\" class=\"wp-image-5661\" srcset=\"https:\/\/focotocantinense.com.br\/wp-content\/uploads\/2023\/08\/vvvvvvvv-1024x768.jpg 1024w, https:\/\/focotocantinense.com.br\/wp-content\/uploads\/2023\/08\/vvvvvvvv-300x225.jpg 300w, https:\/\/focotocantinense.com.br\/wp-content\/uploads\/2023\/08\/vvvvvvvv-768x576.jpg 768w, https:\/\/focotocantinense.com.br\/wp-content\/uploads\/2023\/08\/vvvvvvvv-1536x1152.jpg 1536w, https:\/\/focotocantinense.com.br\/wp-content\/uploads\/2023\/08\/vvvvvvvv.jpg 1600w\" sizes=\"auto, (max-width: 1024px) 100vw, 1024px\" \/><\/figure>\n\n\n\n<p><\/p>\n\n\n\n<p><\/p>\n\n\n\n<figure class=\"wp-block-image size-full is-resized\"><img loading=\"lazy\" decoding=\"async\" src=\"https:\/\/focotocantinense.com.br\/wp-content\/uploads\/2023\/08\/VINI-1.jpg\" alt=\"\" class=\"wp-image-5660\" style=\"width:840px;height:193px\" width=\"840\" height=\"193\"\/><\/figure>\n","protected":false},"excerpt":{"rendered":"<p>Conforme o deputado federal, essas melhorias trar\u00e3o a seguran\u00e7a e modernidade que o espa\u00e7o precisa Atendendo uma demanda antiga da comunidade e desportistas portuenses, o Gin\u00e1sio de Esportes municipal ser\u00e1 reformado. O an\u00fancio foi feito nesta quarta-feira, 9 de agosto, pelo deputado federal Antonio Andrade (Republicanos), que destinou recursos na ordem de R$ 413 mil &hellip;<\/p>\n","protected":false},"author":5,"featured_media":5661,"comment_status":"open","ping_status":"open","sticky":false,"template":"","format":"standard","meta":{"footnotes":""},"categories":[46],"tags":[],"class_list":["post-5659","post","type-post","status-publish","format-standard","has-post-thumbnail","","category-porto_nacional"],"_links":{"self":[{"href":"https:\/\/focotocantinense.com.br\/index.php?rest_route=\/wp\/v2\/posts\/5659","targetHints":{"allow":["GET"]}}],"collection":[{"href":"https:\/\/focotocantinense.com.br\/index.php?rest_route=\/wp\/v2\/posts"}],"about":[{"href":"https:\/\/focotocantinense.com.br\/index.php?rest_route=\/wp\/v2\/types\/post"}],"author":[{"embeddable":true,"href":"https:\/\/focotocantinense.com.br\/index.php?rest_route=\/wp\/v2\/users\/5"}],"replies":[{"embeddable":true,"href":"https:\/\/focotocantinense.com.br\/index.php?rest_route=%2Fwp%2Fv2%2Fcomments&post=5659"}],"version-history":[{"count":1,"href":"https:\/\/focotocantinense.com.br\/index.php?rest_route=\/wp\/v2\/posts\/5659\/revisions"}],"predecessor-version":[{"id":5662,"href":"https:\/\/focotocantinense.com.br\/index.php?rest_route=\/wp\/v2\/posts\/5659\/revisions\/5662"}],"wp:featuredmedia":[{"embeddable":true,"href":"https:\/\/focotocantinense.com.br\/index.php?rest_route=\/wp\/v2\/media\/5661"}],"wp:attachment":[{"href":"https:\/\/focotocantinense.com.br\/index.php?rest_route=%2Fwp%2Fv2%2Fmedia&parent=5659"}],"wp:term":[{"taxonomy":"category","embeddable":true,"href":"https:\/\/focotocantinense.com.br\/index.php?rest_route=%2Fwp%2Fv2%2Fcategories&post=5659"},{"taxonomy":"post_tag","embeddable":true,"href":"https:\/\/focotocantinense.com.br\/index.php?rest_route=%2Fwp%2Fv2%2Ftags&post=5659"}],"curies":[{"name":"wp","href":"https:\/\/api.w.org\/{rel}","templated":true}]}}