{"id":5650,"date":"2023-08-10T16:49:45","date_gmt":"2023-08-10T19:49:45","guid":{"rendered":"https:\/\/focotocantinense.com.br\/?p=5650"},"modified":"2023-08-10T16:53:24","modified_gmt":"2023-08-10T19:53:24","slug":"alline-moreira-participa-de-caminhada-que-leva-mensagem-de-combate-a-violencia-contra-a-mulher-junto-com-a-secretaria-de-estado-berenice-barbosa","status":"publish","type":"post","link":"https:\/\/focotocantinense.com.br\/?p=5650","title":{"rendered":"Alline Moreira participa de caminhada que leva mensagem de combate \u00e0 viol\u00eancia contra a mulher junto com a secretaria de estado Berenice Barbosa"},"content":{"rendered":"\n<p><\/p>\n\n\n\n<p>A coordenadora do Instituto Gratid\u00e3o Tocantins, Dra Alline Moreira, participou da caminhada em alus\u00e3o ao Agosto Lil\u00e1s, na \u00faltima quarta-feira, 09. Alline caminhou a avenida Goi\u00e1s, em Gurupi, ao lado da secret\u00e1ria de Estado da Mulher, Berenice Barbosa, neste evento organizado pela Prefeitura de Gurupi. A caminhada foi parte de uma programa\u00e7\u00e3o da campanha com o tema \u201cN\u00e3o se cale, levante a m\u00e3o e diga n\u00e3o\u201d.<\/p>\n\n\n\n<p>\u201c\u00c9 importante refor\u00e7amos a popula\u00e7\u00e3o essa mensagem e dizer n\u00e3o a viol\u00eancia contra a mulher, contra a fam\u00edlia e n\u00e3o ao feminic\u00eddio. \u00c9 necess\u00e1rio amparar aquelas que precisam dando for\u00e7as para que elas n\u00e3o se calem e digam n\u00e3o a viol\u00eancia, seja ela verbal, f\u00edsica ou psicol\u00f3gica\u201d, destacou Alline Moreira.<\/p>\n\n\n\n<p><strong>Agosto Lil\u00e1s<\/strong><\/p>\n\n\n\n<p>\u00c9 uma campanha de enfrentamento \u00e0 viol\u00eancia dom\u00e9stica e familiar contra a mulher, institu\u00edda por meio da Lei Estadual n\u00ba 4.969\/2016, com objetivo de intensificar a divulga\u00e7\u00e3o da Lei Maria da Penha, sensibilizar e conscientizar a sociedade, divulgar os servi\u00e7os especializados da rede de atendimento \u00e0 mulher em situa\u00e7\u00e3o de viol\u00eancia e os mecanismos de den\u00fancia existentes.<\/p>\n\n\n\n<figure class=\"wp-block-image size-large is-resized\"><img loading=\"lazy\" decoding=\"async\" src=\"https:\/\/focotocantinense.com.br\/wp-content\/uploads\/2023\/08\/xxzzzzz-768x1024.jpg\" alt=\"\" class=\"wp-image-5653\" style=\"width:412px;height:549px\" width=\"412\" height=\"549\" srcset=\"https:\/\/focotocantinense.com.br\/wp-content\/uploads\/2023\/08\/xxzzzzz-768x1024.jpg 768w, https:\/\/focotocantinense.com.br\/wp-content\/uploads\/2023\/08\/xxzzzzz-225x300.jpg 225w, https:\/\/focotocantinense.com.br\/wp-content\/uploads\/2023\/08\/xxzzzzz-1152x1536.jpg 1152w, https:\/\/focotocantinense.com.br\/wp-content\/uploads\/2023\/08\/xxzzzzz.jpg 1200w\" sizes=\"auto, (max-width: 412px) 100vw, 412px\" \/><\/figure>\n\n\n\n<p><\/p>\n\n\n\n<figure class=\"wp-block-image size-large\"><img loading=\"lazy\" decoding=\"async\" width=\"1024\" height=\"683\" src=\"https:\/\/focotocantinense.com.br\/wp-content\/uploads\/2023\/08\/xxxxxxxxxxxxxxxx-2-1024x683.jpg\" alt=\"\" class=\"wp-image-5657\" srcset=\"https:\/\/focotocantinense.com.br\/wp-content\/uploads\/2023\/08\/xxxxxxxxxxxxxxxx-2-1024x683.jpg 1024w, https:\/\/focotocantinense.com.br\/wp-content\/uploads\/2023\/08\/xxxxxxxxxxxxxxxx-2-300x200.jpg 300w, https:\/\/focotocantinense.com.br\/wp-content\/uploads\/2023\/08\/xxxxxxxxxxxxxxxx-2-768x512.jpg 768w, https:\/\/focotocantinense.com.br\/wp-content\/uploads\/2023\/08\/xxxxxxxxxxxxxxxx-2-1536x1024.jpg 1536w, https:\/\/focotocantinense.com.br\/wp-content\/uploads\/2023\/08\/xxxxxxxxxxxxxxxx-2.jpg 1599w\" sizes=\"auto, (max-width: 1024px) 100vw, 1024px\" \/><\/figure>\n\n\n\n<p><\/p>\n\n\n\n<p><\/p>\n\n\n\n<p><\/p>\n\n\n\n<figure class=\"wp-block-image size-full is-resized\"><img loading=\"lazy\" decoding=\"async\" src=\"https:\/\/focotocantinense.com.br\/wp-content\/uploads\/2023\/08\/VINI.jpg\" alt=\"\" class=\"wp-image-5630\" style=\"width:840px;height:193px\" width=\"840\" height=\"193\"\/><\/figure>\n","protected":false},"excerpt":{"rendered":"<p>A coordenadora do Instituto Gratid\u00e3o Tocantins, Dra Alline Moreira, participou da caminhada em alus\u00e3o ao Agosto Lil\u00e1s, na \u00faltima quarta-feira, 09. Alline caminhou a avenida Goi\u00e1s, em Gurupi, ao lado da secret\u00e1ria de Estado da Mulher, Berenice Barbosa, neste evento organizado pela Prefeitura de Gurupi. A caminhada foi parte de uma programa\u00e7\u00e3o da campanha com &hellip;<\/p>\n","protected":false},"author":5,"featured_media":5657,"comment_status":"open","ping_status":"open","sticky":false,"template":"","format":"standard","meta":{"footnotes":""},"categories":[38],"tags":[],"class_list":["post-5650","post","type-post","status-publish","format-standard","has-post-thumbnail","","category-gurupi"],"_links":{"self":[{"href":"https:\/\/focotocantinense.com.br\/index.php?rest_route=\/wp\/v2\/posts\/5650","targetHints":{"allow":["GET"]}}],"collection":[{"href":"https:\/\/focotocantinense.com.br\/index.php?rest_route=\/wp\/v2\/posts"}],"about":[{"href":"https:\/\/focotocantinense.com.br\/index.php?rest_route=\/wp\/v2\/types\/post"}],"author":[{"embeddable":true,"href":"https:\/\/focotocantinense.com.br\/index.php?rest_route=\/wp\/v2\/users\/5"}],"replies":[{"embeddable":true,"href":"https:\/\/focotocantinense.com.br\/index.php?rest_route=%2Fwp%2Fv2%2Fcomments&post=5650"}],"version-history":[{"count":3,"href":"https:\/\/focotocantinense.com.br\/index.php?rest_route=\/wp\/v2\/posts\/5650\/revisions"}],"predecessor-version":[{"id":5658,"href":"https:\/\/focotocantinense.com.br\/index.php?rest_route=\/wp\/v2\/posts\/5650\/revisions\/5658"}],"wp:featuredmedia":[{"embeddable":true,"href":"https:\/\/focotocantinense.com.br\/index.php?rest_route=\/wp\/v2\/media\/5657"}],"wp:attachment":[{"href":"https:\/\/focotocantinense.com.br\/index.php?rest_route=%2Fwp%2Fv2%2Fmedia&parent=5650"}],"wp:term":[{"taxonomy":"category","embeddable":true,"href":"https:\/\/focotocantinense.com.br\/index.php?rest_route=%2Fwp%2Fv2%2Fcategories&post=5650"},{"taxonomy":"post_tag","embeddable":true,"href":"https:\/\/focotocantinense.com.br\/index.php?rest_route=%2Fwp%2Fv2%2Ftags&post=5650"}],"curies":[{"name":"wp","href":"https:\/\/api.w.org\/{rel}","templated":true}]}}