{"id":5634,"date":"2023-08-09T14:10:12","date_gmt":"2023-08-09T17:10:12","guid":{"rendered":"https:\/\/focotocantinense.com.br\/?p=5634"},"modified":"2023-08-09T14:49:27","modified_gmt":"2023-08-09T17:49:27","slug":"deputado-antonio-andrade-participa-do-lancamento-da-frente-parlamentar-da-navegacao-interior","status":"publish","type":"post","link":"https:\/\/focotocantinense.com.br\/?p=5634","title":{"rendered":"Deputado Antonio Andrade participa do lan\u00e7amento da Frente Parlamentar da Navega\u00e7\u00e3o Interior"},"content":{"rendered":"\n<p>O deputado federal Antonio Andrade (Republicanos-TO) participou nesta quarta-feira, 9 de agosto, no Sal\u00e3o Nobre da C\u00e2mara dos Deputados, da Frente Parlamentar Mista para o Desenvolvimento da Navega\u00e7\u00e3o no Interior. O ato contou com a presen\u00e7a do ministro dos Portos e Aeroportos, M\u00e1rcio Fran\u00e7a.<\/p>\n\n\n\n<p>Algumas das atribui\u00e7\u00f5es do colegiado s\u00e3o promover o desenvolvimento das navega\u00e7\u00f5es regionais, promover a melhoria das condi\u00e7\u00f5es de navegabilidade das hidrovias e estimular o transporte multimodal no pa\u00eds.<\/p>\n\n\n\n<p>\u201cO transporte hidrovi\u00e1rio \u00e9 o modal de transporte mais importante na regi\u00e3o Norte e seu potencial de crescimento \u00e9 enorme\u201d, destacou Andrade.<\/p>\n\n\n\n<p>Al\u00e9m disso, a ideia \u00e9 que a Frente acompanhe a execu\u00e7\u00e3o or\u00e7ament\u00e1ria destinada ao setor, propor linhas de cr\u00e9dito para fomento e a\u00e7\u00f5es de forma\u00e7\u00e3o de m\u00e3o de obra aos trabalhadores da navega\u00e7\u00e3o.<\/p>\n\n\n\n<p><em><strong>Relev\u00e2ncia no passado<\/strong><\/em><\/p>\n\n\n\n<p>A navega\u00e7\u00e3o interior no Brasil, no passado, teve papel de destaque na expans\u00e3o territorial e na ocupa\u00e7\u00e3o das regi\u00f5es interiores, com menor densidade populacional. Nos dias atuais, o transporte hidrovi\u00e1rio \u00e9 o modal de transporte mais importante na regi\u00e3o Norte e seu potencial de crescimento \u00e9 grande em todo o pa\u00eds, que tem apenas 50% de suas vias naveg\u00e1veis economicamente vi\u00e1veis.<\/p>\n\n\n\n<p>O Brasil tem 12 regi\u00f5es hidrogr\u00e1ficas, sendo a Regi\u00e3o Amaz\u00f4nica respons\u00e1vel por mais da metade de toda a carga transportada nas hidrovias que s\u00e3o excelentes op\u00e7\u00f5es de transporte para grandes cargas.<\/p>\n\n\n\n<p>\u201cO objetivo da frente parlamentar \u00e9 trazer visibilidade e viabilidade de melhoria para a navegabilidade das regi\u00f5es hidrogr\u00e1ficas do Brasil para manter interc\u00e2mbio e coopera\u00e7\u00e3o de entidades que exer\u00e7am atividades ligadas \u00e0 navega\u00e7\u00e3o interior. A navega\u00e7\u00e3o interior \u00e9 o meio de transporte de carga mais competitivo\u201d, observa o deputado J\u00fanior Ferrari (PSD-PA), que ser\u00e1 o presidente da Frente Parlamentar.<\/p>\n\n\n\n<p>Os principais diferenciais do modal de transporte s\u00e3o menor custo por quil\u00f4metro, menores n\u00edveis de emiss\u00f5es, menor consumo de combust\u00edvel e menor n\u00famero de acidentes. Al\u00e9m disso, demanda embarca\u00e7\u00f5es mais simples e de baixa complexidade.<\/p>\n\n\n\n<p><\/p>\n\n\n\n<figure class=\"wp-block-gallery has-nested-images columns-default is-cropped wp-block-gallery-1 is-layout-flex wp-block-gallery-is-layout-flex\">\n<figure class=\"wp-block-image size-large\"><img loading=\"lazy\" decoding=\"async\" width=\"1024\" height=\"645\" data-id=\"5635\" src=\"https:\/\/focotocantinense.com.br\/wp-content\/uploads\/2023\/08\/IMG-20230809-WA0091-1024x645.jpg\" alt=\"\" class=\"wp-image-5635\" srcset=\"https:\/\/focotocantinense.com.br\/wp-content\/uploads\/2023\/08\/IMG-20230809-WA0091-1024x645.jpg 1024w, https:\/\/focotocantinense.com.br\/wp-content\/uploads\/2023\/08\/IMG-20230809-WA0091-300x189.jpg 300w, https:\/\/focotocantinense.com.br\/wp-content\/uploads\/2023\/08\/IMG-20230809-WA0091-768x483.jpg 768w, https:\/\/focotocantinense.com.br\/wp-content\/uploads\/2023\/08\/IMG-20230809-WA0091-1536x967.jpg 1536w, https:\/\/focotocantinense.com.br\/wp-content\/uploads\/2023\/08\/IMG-20230809-WA0091.jpg 1598w\" sizes=\"auto, (max-width: 1024px) 100vw, 1024px\" \/><\/figure>\n<\/figure>\n\n\n\n<figure class=\"wp-block-image size-full is-resized\"><img loading=\"lazy\" decoding=\"async\" src=\"https:\/\/focotocantinense.com.br\/wp-content\/uploads\/2023\/08\/VINI.jpg\" alt=\"\" class=\"wp-image-5630\" style=\"width:835px;height:252px\" width=\"835\" height=\"252\" srcset=\"https:\/\/focotocantinense.com.br\/wp-content\/uploads\/2023\/08\/VINI.jpg 640w, https:\/\/focotocantinense.com.br\/wp-content\/uploads\/2023\/08\/VINI-300x90.jpg 300w\" sizes=\"auto, (max-width: 835px) 100vw, 835px\" \/><\/figure>\n","protected":false},"excerpt":{"rendered":"<p>O deputado federal Antonio Andrade (Republicanos-TO) participou nesta quarta-feira, 9 de agosto, no Sal\u00e3o Nobre da C\u00e2mara dos Deputados, da Frente Parlamentar Mista para o Desenvolvimento da Navega\u00e7\u00e3o no Interior. O ato contou com a presen\u00e7a do ministro dos Portos e Aeroportos, M\u00e1rcio Fran\u00e7a. Algumas das atribui\u00e7\u00f5es do colegiado s\u00e3o promover o desenvolvimento das navega\u00e7\u00f5es &hellip;<\/p>\n","protected":false},"author":5,"featured_media":5635,"comment_status":"open","ping_status":"open","sticky":false,"template":"","format":"standard","meta":{"footnotes":""},"categories":[40],"tags":[],"class_list":["post-5634","post","type-post","status-publish","format-standard","has-post-thumbnail","","category-politica"],"_links":{"self":[{"href":"https:\/\/focotocantinense.com.br\/index.php?rest_route=\/wp\/v2\/posts\/5634","targetHints":{"allow":["GET"]}}],"collection":[{"href":"https:\/\/focotocantinense.com.br\/index.php?rest_route=\/wp\/v2\/posts"}],"about":[{"href":"https:\/\/focotocantinense.com.br\/index.php?rest_route=\/wp\/v2\/types\/post"}],"author":[{"embeddable":true,"href":"https:\/\/focotocantinense.com.br\/index.php?rest_route=\/wp\/v2\/users\/5"}],"replies":[{"embeddable":true,"href":"https:\/\/focotocantinense.com.br\/index.php?rest_route=%2Fwp%2Fv2%2Fcomments&post=5634"}],"version-history":[{"count":5,"href":"https:\/\/focotocantinense.com.br\/index.php?rest_route=\/wp\/v2\/posts\/5634\/revisions"}],"predecessor-version":[{"id":5642,"href":"https:\/\/focotocantinense.com.br\/index.php?rest_route=\/wp\/v2\/posts\/5634\/revisions\/5642"}],"wp:featuredmedia":[{"embeddable":true,"href":"https:\/\/focotocantinense.com.br\/index.php?rest_route=\/wp\/v2\/media\/5635"}],"wp:attachment":[{"href":"https:\/\/focotocantinense.com.br\/index.php?rest_route=%2Fwp%2Fv2%2Fmedia&parent=5634"}],"wp:term":[{"taxonomy":"category","embeddable":true,"href":"https:\/\/focotocantinense.com.br\/index.php?rest_route=%2Fwp%2Fv2%2Fcategories&post=5634"},{"taxonomy":"post_tag","embeddable":true,"href":"https:\/\/focotocantinense.com.br\/index.php?rest_route=%2Fwp%2Fv2%2Ftags&post=5634"}],"curies":[{"name":"wp","href":"https:\/\/api.w.org\/{rel}","templated":true}]}}