{"id":5602,"date":"2023-08-07T15:58:04","date_gmt":"2023-08-07T18:58:04","guid":{"rendered":"https:\/\/focotocantinense.com.br\/?p=5602"},"modified":"2023-08-07T15:59:01","modified_gmt":"2023-08-07T18:59:01","slug":"deputado-gutierres-torquato-inicia-a-semana-visitando-o-hrg-e-conversando-com-servidores-da-saude","status":"publish","type":"post","link":"https:\/\/focotocantinense.com.br\/?p=5602","title":{"rendered":"Deputado Gutierres Torquato inicia a semana visitando o HRG e conversando com servidores da sa\u00fade"},"content":{"rendered":"\n<p><br>O deputado estadual Gutierres Torquato iniciou a semana com uma visita ao Hospital Regional de Gurupi (HRG), na manh\u00e3 desta segunda-feira, 07. Acompanhado do diretor do hospital, Fernando Mota, o deputado conversou com os servidores que dedicam sua vida \u00e1 sa\u00fade de Gurupi e da regi\u00e3o sul do estado e p\u00f4de presenciar as benfeitorias do Governo Estado do Tocantins.<\/p>\n\n\n\n<p>\u201cViemos aqui conversar com toda essa equipe que desempenha um brilhante trabalho em prol da sa\u00fade do povo tocantinense. Hoje vejo estes prestadores de servi\u00e7o satisfeitos com as condi\u00e7\u00f5es de trabalho\u201d, destacou o deputado em sua visita ao HRG.<\/p>\n\n\n\n<p>O hospital recebeu recentemente uma m\u00e1quina de raio-x port\u00e1til e tamb\u00e9m receber\u00e1 um aparelho de v\u00eddeolaparoscopia para auxiliar no atendimento \u00e0 popula\u00e7\u00e3o. \u201cEstes aparelhos beneficiam toda a popula\u00e7\u00e3o e d\u00e3o melhores condi\u00e7\u00f5es de trabalho aos servidores da sa\u00fade. N\u00f3s vemos que o Governo do Estado tem um olhar especial para o bem mais precioso do ser humano, que \u00e9 a sa\u00fade\u201d, afirma o deputado Gutierres.<\/p>\n\n\n\n<p><strong>Agosto Dourado<\/strong><\/p>\n\n\n\n<p>Em suas redes sociais o deputado publicou um v\u00eddeo sobre o m\u00eas do aleitamento materno, o Agosto Dourado, para relembrar a popula\u00e7\u00e3o da import\u00e2ncia da amamenta\u00e7\u00e3o e da doa\u00e7\u00e3o aos bancos de leite.<\/p>\n\n\n\n<figure class=\"wp-block-image is-resized\"><img loading=\"lazy\" decoding=\"async\" src=\"https:\/\/rotatocantins.com.br\/wp-content\/uploads\/2023\/08\/2-GUGU-1-287x300.jpg\" alt=\"\" class=\"wp-image-4674\" width=\"409\" height=\"428\"\/><\/figure>\n\n\n\n<figure class=\"wp-block-image size-full\"><img loading=\"lazy\" decoding=\"async\" width=\"916\" height=\"513\" src=\"https:\/\/focotocantinense.com.br\/wp-content\/uploads\/2023\/08\/1-GUGU.jpg\" alt=\"\" class=\"wp-image-5603\" srcset=\"https:\/\/focotocantinense.com.br\/wp-content\/uploads\/2023\/08\/1-GUGU.jpg 916w, https:\/\/focotocantinense.com.br\/wp-content\/uploads\/2023\/08\/1-GUGU-300x168.jpg 300w, https:\/\/focotocantinense.com.br\/wp-content\/uploads\/2023\/08\/1-GUGU-768x430.jpg 768w\" sizes=\"auto, (max-width: 916px) 100vw, 916px\" \/><\/figure>\n\n\n\n<figure class=\"wp-block-image is-resized\"><img loading=\"lazy\" decoding=\"async\" src=\"http:\/\/n1to.com.br\/img\/uploads\/VINI_131.jpg\" alt=\"\" width=\"839\" height=\"253\"\/><\/figure>\n\n\n\n<p><\/p>\n","protected":false},"excerpt":{"rendered":"<p>O deputado estadual Gutierres Torquato iniciou a semana com uma visita ao Hospital Regional de Gurupi (HRG), na manh\u00e3 desta segunda-feira, 07. Acompanhado do diretor do hospital, Fernando Mota, o deputado conversou com os servidores que dedicam sua vida \u00e1 sa\u00fade de Gurupi e da regi\u00e3o sul do estado e p\u00f4de presenciar as benfeitorias do &hellip;<\/p>\n","protected":false},"author":5,"featured_media":5603,"comment_status":"open","ping_status":"open","sticky":false,"template":"","format":"standard","meta":{"footnotes":""},"categories":[38],"tags":[],"class_list":["post-5602","post","type-post","status-publish","format-standard","has-post-thumbnail","","category-gurupi"],"_links":{"self":[{"href":"https:\/\/focotocantinense.com.br\/index.php?rest_route=\/wp\/v2\/posts\/5602","targetHints":{"allow":["GET"]}}],"collection":[{"href":"https:\/\/focotocantinense.com.br\/index.php?rest_route=\/wp\/v2\/posts"}],"about":[{"href":"https:\/\/focotocantinense.com.br\/index.php?rest_route=\/wp\/v2\/types\/post"}],"author":[{"embeddable":true,"href":"https:\/\/focotocantinense.com.br\/index.php?rest_route=\/wp\/v2\/users\/5"}],"replies":[{"embeddable":true,"href":"https:\/\/focotocantinense.com.br\/index.php?rest_route=%2Fwp%2Fv2%2Fcomments&post=5602"}],"version-history":[{"count":2,"href":"https:\/\/focotocantinense.com.br\/index.php?rest_route=\/wp\/v2\/posts\/5602\/revisions"}],"predecessor-version":[{"id":5605,"href":"https:\/\/focotocantinense.com.br\/index.php?rest_route=\/wp\/v2\/posts\/5602\/revisions\/5605"}],"wp:featuredmedia":[{"embeddable":true,"href":"https:\/\/focotocantinense.com.br\/index.php?rest_route=\/wp\/v2\/media\/5603"}],"wp:attachment":[{"href":"https:\/\/focotocantinense.com.br\/index.php?rest_route=%2Fwp%2Fv2%2Fmedia&parent=5602"}],"wp:term":[{"taxonomy":"category","embeddable":true,"href":"https:\/\/focotocantinense.com.br\/index.php?rest_route=%2Fwp%2Fv2%2Fcategories&post=5602"},{"taxonomy":"post_tag","embeddable":true,"href":"https:\/\/focotocantinense.com.br\/index.php?rest_route=%2Fwp%2Fv2%2Ftags&post=5602"}],"curies":[{"name":"wp","href":"https:\/\/api.w.org\/{rel}","templated":true}]}}