{"id":5596,"date":"2023-08-06T17:49:47","date_gmt":"2023-08-06T20:49:47","guid":{"rendered":"https:\/\/focotocantinense.com.br\/?p=5596"},"modified":"2023-08-06T17:51:30","modified_gmt":"2023-08-06T20:51:30","slug":"aquisicao-de-novos-equipamentos-marca-a-reinauguracao-do-laboratorio-de-informatica-em-tocantinia","status":"publish","type":"post","link":"https:\/\/focotocantinense.com.br\/?p=5596","title":{"rendered":"Aquisi\u00e7\u00e3o de novos equipamentos marca a reinaugura\u00e7\u00e3o do Laborat\u00f3rio de Inform\u00e1tica em Tocant\u00ednia"},"content":{"rendered":"\n<p><strong>Por&nbsp; Leontina Martins<\/strong><\/p>\n\n\n\n<p>A Prefeitura de Tocant\u00ednia, por meio da Secretaria Municipal de Educa\u00e7\u00e3o \u2013 Semed, reinaugurou no &nbsp;\u00faltimo dia 3 de agosto, o Laborat\u00f3rio de Inform\u00e1tica que j\u00e1 est\u00e1 beneficiando os alunos das escolas da rede Municipal de Educa\u00e7\u00e3o, com a aquisi\u00e7\u00e3o de&nbsp; 31 computadores, novos CPUs e outros perif\u00e9ricos.<\/p>\n\n\n\n<p>O secret\u00e1rio de Educa\u00e7\u00e3o de Tocant\u00ednia,&nbsp; Andr\u00e9 Goveia,&nbsp; explicou que al\u00e9m dos novos equipamentos de inform\u00e1tica, as escolas municipais tamb\u00e9m foram agraciadas com &nbsp;20 aparelhos de telefonia celular&nbsp; &nbsp;que ser\u00e3o utilizados tanto no desenvolvimento do processo de ensino e aprendizagem quanto em atividades administrativas. \u201cEssa iniciativa vem como resultado de uma parceria valiosa entre a Undime \u2013 Uni\u00e3o Nacional dos Dirigentes Municipais de Educa\u00e7\u00e3o e a Receita Federal, por meio do Programa Receita Cidade\u201d, informou Andr\u00e9 Goveia.<\/p>\n\n\n\n<p>O evento &nbsp;de&nbsp; reinaugura\u00e7\u00e3o&nbsp; do Laborat\u00f3rio de Inform\u00e1tica foi prestigiado pelo vice-prefeito de Tocant\u00ednia, Jo\u00e3o Alberto, o delegado da Receita Federal no Estado do Tocantins e auditor do Minist\u00e9rio da Economia, Ricardo Wagner, bem como pela vice-presidente da Undime, Lu\u00edsa Brasileiro, e a presidente da Undime &#8211; &nbsp;Seccional Tocantins, Francinete Ferreira.<\/p>\n\n\n\n<p>Na oportunidade, o vice-prefeito &nbsp;da cidade, Jo\u00e3o Alberto, falou da sua alegria com o resultado positivo&nbsp; dessa &nbsp;iniciativa que envolveu a Prefeitura de Tocant\u00ednia, por meio da Secretaria Municipal de Educa\u00e7\u00e3o, juntamente com a&nbsp; &nbsp;Undime e a Receita Federal, visando o avan\u00e7o tecnol\u00f3gico da educa\u00e7\u00e3o municipal. \u201cA inser\u00e7\u00e3o das novas tecnologias educacionais \u00e9 vista como fundamental para proporcionar uma forma\u00e7\u00e3o escolar de qualidade aos alunos\u201d, ressaltou o vice-prefeito.<\/p>\n\n\n\n<p>Ainda de acordo com o vice-prefeito,\u00a0 essa parceria demonstra o compromisso com o desenvolvimento da educa\u00e7\u00e3o em Tocant\u00ednia, promovendo um ambiente de aprendizado mais moderno e conectado, alinhado com \u00e0s demandas do s\u00e9culo XXI. Atrav\u00e9s do Laborat\u00f3rio de Inform\u00e1tica e dos novos celulares, os alunos ter\u00e3o acesso a recursos tecnol\u00f3gicos que enriquecer\u00e3o o processo de aprendizagem e os preparar\u00e3o para um futuro cada vez mais digital.<\/p>\n\n\n\n<figure class=\"wp-block-image size-full\"><img loading=\"lazy\" decoding=\"async\" width=\"955\" height=\"523\" src=\"https:\/\/focotocantinense.com.br\/wp-content\/uploads\/2023\/08\/1-TOCANTINIA-1.jpg\" alt=\"\" class=\"wp-image-5599\" srcset=\"https:\/\/focotocantinense.com.br\/wp-content\/uploads\/2023\/08\/1-TOCANTINIA-1.jpg 955w, https:\/\/focotocantinense.com.br\/wp-content\/uploads\/2023\/08\/1-TOCANTINIA-1-300x164.jpg 300w, https:\/\/focotocantinense.com.br\/wp-content\/uploads\/2023\/08\/1-TOCANTINIA-1-768x421.jpg 768w\" sizes=\"auto, (max-width: 955px) 100vw, 955px\" \/><\/figure>\n\n\n\n<figure class=\"wp-block-image is-resized\"><img loading=\"lazy\" decoding=\"async\" src=\"http:\/\/n1to.com.br\/img\/uploads\/2_TOCANTINIA_18.jpg\" alt=\"\" width=\"839\" height=\"561\"\/><\/figure>\n\n\n\n<figure class=\"wp-block-image\"><img decoding=\"async\" src=\"http:\/\/n1to.com.br\/img\/uploads\/7_TOCANTINIA_3.jpg\" alt=\"\"\/><\/figure>\n\n\n\n<figure class=\"wp-block-image is-resized\"><img loading=\"lazy\" decoding=\"async\" src=\"http:\/\/n1to.com.br\/img\/uploads\/3_TOCANTINIA_18.jpg\" alt=\"\" width=\"837\" height=\"599\"\/><\/figure>\n\n\n\n<figure class=\"wp-block-image is-resized\"><img loading=\"lazy\" decoding=\"async\" src=\"http:\/\/n1to.com.br\/img\/uploads\/4_TOCANTINIA_10.jpg\" alt=\"\" width=\"837\" height=\"475\"\/><\/figure>\n\n\n\n<figure class=\"wp-block-image is-resized\"><img loading=\"lazy\" decoding=\"async\" src=\"http:\/\/n1to.com.br\/img\/uploads\/6_TOCANTINIA_4.jpg\" alt=\"\" width=\"835\" height=\"468\"\/><\/figure>\n\n\n\n<figure class=\"wp-block-image is-resized\"><img loading=\"lazy\" decoding=\"async\" src=\"http:\/\/n1to.com.br\/img\/uploads\/5_TOCANTINIA_6.jpg\" alt=\"\" width=\"840\" height=\"478\"\/><\/figure>\n\n\n\n<figure class=\"wp-block-image is-resized\"><img loading=\"lazy\" decoding=\"async\" src=\"http:\/\/n1to.com.br\/img\/uploads\/VINI_131.jpg\" alt=\"\" width=\"837\" height=\"252\"\/><\/figure>\n","protected":false},"excerpt":{"rendered":"<p>Por&nbsp; Leontina Martins A Prefeitura de Tocant\u00ednia, por meio da Secretaria Municipal de Educa\u00e7\u00e3o \u2013 Semed, reinaugurou no &nbsp;\u00faltimo dia 3 de agosto, o Laborat\u00f3rio de Inform\u00e1tica que j\u00e1 est\u00e1 beneficiando os alunos das escolas da rede Municipal de Educa\u00e7\u00e3o, com a aquisi\u00e7\u00e3o de&nbsp; 31 computadores, novos CPUs e outros perif\u00e9ricos. O secret\u00e1rio de Educa\u00e7\u00e3o &hellip;<\/p>\n","protected":false},"author":5,"featured_media":5598,"comment_status":"open","ping_status":"open","sticky":false,"template":"","format":"standard","meta":{"footnotes":""},"categories":[78],"tags":[],"class_list":["post-5596","post","type-post","status-publish","format-standard","has-post-thumbnail","","category-tocantinia"],"_links":{"self":[{"href":"https:\/\/focotocantinense.com.br\/index.php?rest_route=\/wp\/v2\/posts\/5596","targetHints":{"allow":["GET"]}}],"collection":[{"href":"https:\/\/focotocantinense.com.br\/index.php?rest_route=\/wp\/v2\/posts"}],"about":[{"href":"https:\/\/focotocantinense.com.br\/index.php?rest_route=\/wp\/v2\/types\/post"}],"author":[{"embeddable":true,"href":"https:\/\/focotocantinense.com.br\/index.php?rest_route=\/wp\/v2\/users\/5"}],"replies":[{"embeddable":true,"href":"https:\/\/focotocantinense.com.br\/index.php?rest_route=%2Fwp%2Fv2%2Fcomments&post=5596"}],"version-history":[{"count":2,"href":"https:\/\/focotocantinense.com.br\/index.php?rest_route=\/wp\/v2\/posts\/5596\/revisions"}],"predecessor-version":[{"id":5600,"href":"https:\/\/focotocantinense.com.br\/index.php?rest_route=\/wp\/v2\/posts\/5596\/revisions\/5600"}],"wp:featuredmedia":[{"embeddable":true,"href":"https:\/\/focotocantinense.com.br\/index.php?rest_route=\/wp\/v2\/media\/5598"}],"wp:attachment":[{"href":"https:\/\/focotocantinense.com.br\/index.php?rest_route=%2Fwp%2Fv2%2Fmedia&parent=5596"}],"wp:term":[{"taxonomy":"category","embeddable":true,"href":"https:\/\/focotocantinense.com.br\/index.php?rest_route=%2Fwp%2Fv2%2Fcategories&post=5596"},{"taxonomy":"post_tag","embeddable":true,"href":"https:\/\/focotocantinense.com.br\/index.php?rest_route=%2Fwp%2Fv2%2Ftags&post=5596"}],"curies":[{"name":"wp","href":"https:\/\/api.w.org\/{rel}","templated":true}]}}