{"id":5593,"date":"2023-08-06T07:58:36","date_gmt":"2023-08-06T10:58:36","guid":{"rendered":"https:\/\/focotocantinense.com.br\/?p=5593"},"modified":"2023-08-06T07:58:38","modified_gmt":"2023-08-06T10:58:38","slug":"antonio-andrade-evidencia-na-camara-os-feitos-do-governador-wanderlei-barbosa","status":"publish","type":"post","link":"https:\/\/focotocantinense.com.br\/?p=5593","title":{"rendered":"Antonio Andrade evidencia na C\u00e2mara os feitos do Governador Wanderlei Barbosa"},"content":{"rendered":"\n<p>Na sess\u00e3o plen\u00e1ria realizada nesta quinta-feira, 3 de agosto, na C\u00e2mara dos Deputados, o Deputado Antonio Andrade (Republicanos) trouxe \u00e0 tona uma s\u00e9rie de realiza\u00e7\u00f5es significativas do Governador do Tocantins Wanderlei Barbosa, destacando seu comprometimento com o desenvolvimento do estado e sua dedica\u00e7\u00e3o em melhorar a qualidade de vida dos cidad\u00e3os.<\/p>\n\n\n\n<p>O deputado iniciou sua fala mostrando uma pesquisa do Instituto Verit\u00e1, divulgada em 31 de julho, que concluiu que o governador Wanderlei Barbosa \u00e9 o governador mais bem avaliado do pa\u00eds, com 87% de aprova\u00e7\u00e3o da popula\u00e7\u00e3o.<\/p>\n\n\n\n<p>Ele ressaltou que, desde o in\u00edcio de seu mandato, Barbosa vem implantando pol\u00edticas que visam impulsionar o crescimento econ\u00f4mico do estado, gerando empregos e promovendo investimentos em setores estrat\u00e9gicos.<\/p>\n\n\n\n<p>Um dos destaques mencionados pelo parlamentar foi \u00e0 significativa expans\u00e3o do acesso \u00e0 educa\u00e7\u00e3o de qualidade. \u201cO governador tem promovido uma verdadeira revolu\u00e7\u00e3o na estrutura educacional do Tocantins. Durante sua gest\u00e3o, j\u00e1 foram entregues cinco grandes obras de reforma e amplia\u00e7\u00e3o. Al\u00e9m disso, 40 obras est\u00e3o em execu\u00e7\u00e3o e outras 37 est\u00e3o em processo licitat\u00f3rio.\u201d<br>Na \u00e1rea da sa\u00fade, o deputado Antonio Andrade elogiou a cria\u00e7\u00e3o de novos hospitais e centros de atendimento m\u00e9dico. \u201cEm um per\u00edodo de apenas seis meses, Wanderlei entregou uma amplia\u00e7\u00e3o no maior hospital do estado, o Hospital Geral de Palmas. Essa amplia\u00e7\u00e3o inclui mais de 100 novos leitos nas \u00e1reas de UTI, Pronto Socorro, Interna\u00e7\u00f5es, Oncologia e Psiquiatria.\u201d<\/p>\n\n\n\n<p>Ao concluir seu discurso, o parlamentar reiterou sua admira\u00e7\u00e3o pelos feitos do Governador Wanderlei Barbosa e expressou confian\u00e7a de que essas a\u00e7\u00f5es continuar\u00e3o a trazer benef\u00edcios duradouros para a popula\u00e7\u00e3o do estado. \u201cO Tocantins que vivenciamos hoje \u00e9 um estado politicamente maduro, com uma gest\u00e3o moderna e que est\u00e1 construindo uma nova fase em sua hist\u00f3ria\u201d, finalizou.<\/p>\n\n\n\n<p><em>Assessoria de Comunica\u00e7\u00e3o \u2013 Deputado Federal Antonio Andrade<\/em><\/p>\n\n\n\n<figure class=\"wp-block-image size-large\"><img loading=\"lazy\" decoding=\"async\" width=\"1024\" height=\"631\" src=\"https:\/\/focotocantinense.com.br\/wp-content\/uploads\/2023\/08\/IMG-20230803-WA0118-1024x631.jpg\" alt=\"\" class=\"wp-image-5594\" srcset=\"https:\/\/focotocantinense.com.br\/wp-content\/uploads\/2023\/08\/IMG-20230803-WA0118-1024x631.jpg 1024w, https:\/\/focotocantinense.com.br\/wp-content\/uploads\/2023\/08\/IMG-20230803-WA0118-300x185.jpg 300w, https:\/\/focotocantinense.com.br\/wp-content\/uploads\/2023\/08\/IMG-20230803-WA0118-768x473.jpg 768w, https:\/\/focotocantinense.com.br\/wp-content\/uploads\/2023\/08\/IMG-20230803-WA0118-1536x947.jpg 1536w, https:\/\/focotocantinense.com.br\/wp-content\/uploads\/2023\/08\/IMG-20230803-WA0118.jpg 1600w\" sizes=\"auto, (max-width: 1024px) 100vw, 1024px\" \/><\/figure>\n","protected":false},"excerpt":{"rendered":"<p>Na sess\u00e3o plen\u00e1ria realizada nesta quinta-feira, 3 de agosto, na C\u00e2mara dos Deputados, o Deputado Antonio Andrade (Republicanos) trouxe \u00e0 tona uma s\u00e9rie de realiza\u00e7\u00f5es significativas do Governador do Tocantins Wanderlei Barbosa, destacando seu comprometimento com o desenvolvimento do estado e sua dedica\u00e7\u00e3o em melhorar a qualidade de vida dos cidad\u00e3os. O deputado iniciou sua &hellip;<\/p>\n","protected":false},"author":5,"featured_media":0,"comment_status":"open","ping_status":"open","sticky":false,"template":"","format":"standard","meta":{"footnotes":""},"categories":[1],"tags":[],"class_list":["post-5593","post","type-post","status-publish","format-standard","","category-sem-categoria"],"_links":{"self":[{"href":"https:\/\/focotocantinense.com.br\/index.php?rest_route=\/wp\/v2\/posts\/5593","targetHints":{"allow":["GET"]}}],"collection":[{"href":"https:\/\/focotocantinense.com.br\/index.php?rest_route=\/wp\/v2\/posts"}],"about":[{"href":"https:\/\/focotocantinense.com.br\/index.php?rest_route=\/wp\/v2\/types\/post"}],"author":[{"embeddable":true,"href":"https:\/\/focotocantinense.com.br\/index.php?rest_route=\/wp\/v2\/users\/5"}],"replies":[{"embeddable":true,"href":"https:\/\/focotocantinense.com.br\/index.php?rest_route=%2Fwp%2Fv2%2Fcomments&post=5593"}],"version-history":[{"count":1,"href":"https:\/\/focotocantinense.com.br\/index.php?rest_route=\/wp\/v2\/posts\/5593\/revisions"}],"predecessor-version":[{"id":5595,"href":"https:\/\/focotocantinense.com.br\/index.php?rest_route=\/wp\/v2\/posts\/5593\/revisions\/5595"}],"wp:attachment":[{"href":"https:\/\/focotocantinense.com.br\/index.php?rest_route=%2Fwp%2Fv2%2Fmedia&parent=5593"}],"wp:term":[{"taxonomy":"category","embeddable":true,"href":"https:\/\/focotocantinense.com.br\/index.php?rest_route=%2Fwp%2Fv2%2Fcategories&post=5593"},{"taxonomy":"post_tag","embeddable":true,"href":"https:\/\/focotocantinense.com.br\/index.php?rest_route=%2Fwp%2Fv2%2Ftags&post=5593"}],"curies":[{"name":"wp","href":"https:\/\/api.w.org\/{rel}","templated":true}]}}