{"id":5590,"date":"2023-08-06T07:37:47","date_gmt":"2023-08-06T10:37:47","guid":{"rendered":"https:\/\/focotocantinense.com.br\/?p=5590"},"modified":"2023-08-06T07:37:48","modified_gmt":"2023-08-06T10:37:48","slug":"deputado-gutierres-torquato-elogia-acoes-do-governo-do-estado-fala-sobre-o-orgulho-do-povo-gurupiense-na-7o-edicao-do-ppa","status":"publish","type":"post","link":"https:\/\/focotocantinense.com.br\/?p=5590","title":{"rendered":"Deputado Gutierres Torquato elogia a\u00e7\u00f5es do Governo do Estado fala sobre o orgulho do povo gurupiense na 7\u00ba edi\u00e7\u00e3o do PPA"},"content":{"rendered":"\n<p>O deputado estadual Gutierres Torquato participou de mais uma edi\u00e7\u00e3o da Consulta P\u00fablica do Plano Plurianual (PPA 2024), desta vez em seu munic\u00edpio e regi\u00e3o. Gurupi foi sede do PPA da regi\u00e3o sul, na \u00faltima sexta-feira, 04.<\/p>\n\n\n\n<p>Em seu discurso o deputado Gutierres destacou que Gurupi e o sul do estado vivem um grande momento, com um governador que tem um olhar especial para a regi\u00e3o sul do Estado. \u201cO orgulho do gurupiense foi resgatado, o orgulho do cidad\u00e3o do sul foi resgatado ao ver um Governo pr\u00f3ximo dele, construindo di\u00e1logos atrav\u00e9s do PPA\u201d, destacou o deputado.<\/p>\n\n\n\n<p>Segundo o deputado, assim como \u00e9 vista a diferen\u00e7a no munic\u00edpio de Gurupi antes e depois da gest\u00e3o do Laurez, assim ser\u00e1 no Estado do Tocantins. \u201cVoc\u00eas v\u00e3o ver o Governo antes e depois da gest\u00e3o Wanderlei Barbosa e Laurez Moreira, transformando a vida do povo tocantinense e gerando mais desenvolvendo. N\u00f3s j\u00e1 estamos vendo isso atrav\u00e9s das a\u00e7\u00f5es ao longo do Estado, por isso, nosso Governador foi o mais bem avaliado em todo o pa\u00eds\u201d afirmou O deputado Gutierres.<\/p>\n\n\n\n<p>Est\u00e1 \u00e9 a 7\u00ba edi\u00e7\u00e3o do PPA 2024 e o deputado Gutierres tem acompanhado o Governo do Estado neste di\u00e1logo com a popula\u00e7\u00e3o, por todo o Tocantins.<\/p>\n\n\n\n<figure class=\"wp-block-image size-full\"><img loading=\"lazy\" decoding=\"async\" width=\"926\" height=\"511\" src=\"https:\/\/focotocantinense.com.br\/wp-content\/uploads\/2023\/08\/aaa-3.jpg\" alt=\"\" class=\"wp-image-5591\" srcset=\"https:\/\/focotocantinense.com.br\/wp-content\/uploads\/2023\/08\/aaa-3.jpg 926w, https:\/\/focotocantinense.com.br\/wp-content\/uploads\/2023\/08\/aaa-3-300x166.jpg 300w, https:\/\/focotocantinense.com.br\/wp-content\/uploads\/2023\/08\/aaa-3-768x424.jpg 768w\" sizes=\"auto, (max-width: 926px) 100vw, 926px\" \/><\/figure>\n\n\n\n<figure class=\"wp-block-image is-resized\"><img loading=\"lazy\" decoding=\"async\" src=\"http:\/\/n1to.com.br\/img\/uploads\/VINI_130.jpg\" alt=\"\" width=\"844\" height=\"255\"\/><\/figure>\n","protected":false},"excerpt":{"rendered":"<p>O deputado estadual Gutierres Torquato participou de mais uma edi\u00e7\u00e3o da Consulta P\u00fablica do Plano Plurianual (PPA 2024), desta vez em seu munic\u00edpio e regi\u00e3o. Gurupi foi sede do PPA da regi\u00e3o sul, na \u00faltima sexta-feira, 04. Em seu discurso o deputado Gutierres destacou que Gurupi e o sul do estado vivem um grande momento, &hellip;<\/p>\n","protected":false},"author":5,"featured_media":5591,"comment_status":"open","ping_status":"open","sticky":false,"template":"","format":"standard","meta":{"footnotes":""},"categories":[40],"tags":[],"class_list":["post-5590","post","type-post","status-publish","format-standard","has-post-thumbnail","","category-politica"],"_links":{"self":[{"href":"https:\/\/focotocantinense.com.br\/index.php?rest_route=\/wp\/v2\/posts\/5590","targetHints":{"allow":["GET"]}}],"collection":[{"href":"https:\/\/focotocantinense.com.br\/index.php?rest_route=\/wp\/v2\/posts"}],"about":[{"href":"https:\/\/focotocantinense.com.br\/index.php?rest_route=\/wp\/v2\/types\/post"}],"author":[{"embeddable":true,"href":"https:\/\/focotocantinense.com.br\/index.php?rest_route=\/wp\/v2\/users\/5"}],"replies":[{"embeddable":true,"href":"https:\/\/focotocantinense.com.br\/index.php?rest_route=%2Fwp%2Fv2%2Fcomments&post=5590"}],"version-history":[{"count":1,"href":"https:\/\/focotocantinense.com.br\/index.php?rest_route=\/wp\/v2\/posts\/5590\/revisions"}],"predecessor-version":[{"id":5592,"href":"https:\/\/focotocantinense.com.br\/index.php?rest_route=\/wp\/v2\/posts\/5590\/revisions\/5592"}],"wp:featuredmedia":[{"embeddable":true,"href":"https:\/\/focotocantinense.com.br\/index.php?rest_route=\/wp\/v2\/media\/5591"}],"wp:attachment":[{"href":"https:\/\/focotocantinense.com.br\/index.php?rest_route=%2Fwp%2Fv2%2Fmedia&parent=5590"}],"wp:term":[{"taxonomy":"category","embeddable":true,"href":"https:\/\/focotocantinense.com.br\/index.php?rest_route=%2Fwp%2Fv2%2Fcategories&post=5590"},{"taxonomy":"post_tag","embeddable":true,"href":"https:\/\/focotocantinense.com.br\/index.php?rest_route=%2Fwp%2Fv2%2Ftags&post=5590"}],"curies":[{"name":"wp","href":"https:\/\/api.w.org\/{rel}","templated":true}]}}