{"id":5581,"date":"2023-08-05T17:04:59","date_gmt":"2023-08-05T20:04:59","guid":{"rendered":"https:\/\/focotocantinense.com.br\/?p=5581"},"modified":"2023-08-05T17:04:59","modified_gmt":"2023-08-05T20:04:59","slug":"deputado-gutierres-anuncia-triagem-para-mutirao-de-catarata-e-pterigio-atraves-do-instituto-gratidao","status":"publish","type":"post","link":"https:\/\/focotocantinense.com.br\/?p=5581","title":{"rendered":"Deputado Gutierres anuncia triagem para Mutir\u00e3o de Catarata e Pter\u00edgio atrav\u00e9s do Instituto Gratid\u00e3o"},"content":{"rendered":"\n<p>O Instituto Gratid\u00e3o Tocantins, em Gurupi, vai levar ao sul e sudeste do Tocantins mais sa\u00fade atrav\u00e9s de uma parceria com o Instituto de Desenvolvimento Social, Educacional e Profissional (Idesp), de Palmas, realizando cirurgias oftalmol\u00f3gicas. O deputado estadual Gutierres (PDT) anunciou em suas redes sociais, na tarde da \u00faltima ter\u00e7a-feira, 1\u00ba de agosto, que 600 pessoas ter\u00e3o acesso a triagem para o \u201cMutir\u00e3o de Catarata e Pter\u00edgio\u201d.<\/p>\n\n\n\n<p>\u201cA sa\u00fade \u00e9 o nosso bem mais precioso e por isso priorizamos as demandas na \u00e1rea, porque \u00e9 atrav\u00e9s da sa\u00fade que transformamos vidas\u201d, destaca o deputado Gutierres.<\/p>\n\n\n\n<p>Todos que tiverem interesse em realizar as cirurgias e participar do \u201cMutir\u00e3o da Catarata e Pter\u00edgio\u201d devem procurar o Instituto Gratid\u00e3o Tocantins, localizado na Avenida Paran\u00e1 entre ruas 5 e 6, no 1254, Centro, Gurupi, para a distribui\u00e7\u00e3o de senhas para os atendimentos.<\/p>\n\n\n\n<figure class=\"wp-block-image size-full is-resized\"><img loading=\"lazy\" decoding=\"async\" src=\"https:\/\/focotocantinense.com.br\/wp-content\/uploads\/2023\/08\/aaa-2.jpg\" alt=\"\" class=\"wp-image-5582\" width=\"400\" height=\"314\" srcset=\"https:\/\/focotocantinense.com.br\/wp-content\/uploads\/2023\/08\/aaa-2.jpg 783w, https:\/\/focotocantinense.com.br\/wp-content\/uploads\/2023\/08\/aaa-2-300x236.jpg 300w, https:\/\/focotocantinense.com.br\/wp-content\/uploads\/2023\/08\/aaa-2-768x603.jpg 768w\" sizes=\"auto, (max-width: 400px) 100vw, 400px\" \/><\/figure>\n\n\n\n<figure class=\"wp-block-image is-resized\"><img loading=\"lazy\" decoding=\"async\" src=\"http:\/\/n1to.com.br\/img\/uploads\/VINI_130.jpg\" alt=\"\" width=\"845\" height=\"255\"\/><\/figure>\n","protected":false},"excerpt":{"rendered":"<p>O Instituto Gratid\u00e3o Tocantins, em Gurupi, vai levar ao sul e sudeste do Tocantins mais sa\u00fade atrav\u00e9s de uma parceria com o Instituto de Desenvolvimento Social, Educacional e Profissional (Idesp), de Palmas, realizando cirurgias oftalmol\u00f3gicas. O deputado estadual Gutierres (PDT) anunciou em suas redes sociais, na tarde da \u00faltima ter\u00e7a-feira, 1\u00ba de agosto, que 600 &hellip;<\/p>\n","protected":false},"author":5,"featured_media":5582,"comment_status":"open","ping_status":"open","sticky":false,"template":"","format":"standard","meta":{"footnotes":""},"categories":[38],"tags":[],"class_list":["post-5581","post","type-post","status-publish","format-standard","has-post-thumbnail","","category-gurupi"],"_links":{"self":[{"href":"https:\/\/focotocantinense.com.br\/index.php?rest_route=\/wp\/v2\/posts\/5581","targetHints":{"allow":["GET"]}}],"collection":[{"href":"https:\/\/focotocantinense.com.br\/index.php?rest_route=\/wp\/v2\/posts"}],"about":[{"href":"https:\/\/focotocantinense.com.br\/index.php?rest_route=\/wp\/v2\/types\/post"}],"author":[{"embeddable":true,"href":"https:\/\/focotocantinense.com.br\/index.php?rest_route=\/wp\/v2\/users\/5"}],"replies":[{"embeddable":true,"href":"https:\/\/focotocantinense.com.br\/index.php?rest_route=%2Fwp%2Fv2%2Fcomments&post=5581"}],"version-history":[{"count":1,"href":"https:\/\/focotocantinense.com.br\/index.php?rest_route=\/wp\/v2\/posts\/5581\/revisions"}],"predecessor-version":[{"id":5583,"href":"https:\/\/focotocantinense.com.br\/index.php?rest_route=\/wp\/v2\/posts\/5581\/revisions\/5583"}],"wp:featuredmedia":[{"embeddable":true,"href":"https:\/\/focotocantinense.com.br\/index.php?rest_route=\/wp\/v2\/media\/5582"}],"wp:attachment":[{"href":"https:\/\/focotocantinense.com.br\/index.php?rest_route=%2Fwp%2Fv2%2Fmedia&parent=5581"}],"wp:term":[{"taxonomy":"category","embeddable":true,"href":"https:\/\/focotocantinense.com.br\/index.php?rest_route=%2Fwp%2Fv2%2Fcategories&post=5581"},{"taxonomy":"post_tag","embeddable":true,"href":"https:\/\/focotocantinense.com.br\/index.php?rest_route=%2Fwp%2Fv2%2Ftags&post=5581"}],"curies":[{"name":"wp","href":"https:\/\/api.w.org\/{rel}","templated":true}]}}