{"id":5572,"date":"2023-08-04T20:11:13","date_gmt":"2023-08-04T23:11:13","guid":{"rendered":"https:\/\/focotocantinense.com.br\/?p=5572"},"modified":"2023-08-04T20:12:50","modified_gmt":"2023-08-04T23:12:50","slug":"governador-wanderlei-barbosa-e-vice-laurez-moreira-abrem-ppa-em-gurupi-e-destacam-a-participacao-popular-no-desenvolvimento-do-sul-do-estado","status":"publish","type":"post","link":"https:\/\/focotocantinense.com.br\/?p=5572","title":{"rendered":"Governador Wanderlei Barbosa e vice Laurez Moreira abrem PPA em Gurupi e destacam a participa\u00e7\u00e3o popular no desenvolvimento do sul do Estado"},"content":{"rendered":"\n<p>O munic\u00edpio de Gurupi representou a regi\u00e3o sul do Estado, sendo palco, nesta sexta-feira, 4, da 7\u00aa Consulta P\u00fablica do Plano Plurianual (PPA 2024-2027) e contou com a presen\u00e7a do governador do Tocantins, Wanderlei Barbosa, e do vice-governador Laurez Moreira. O PPA \u00e9 realizado pelo Governo do Tocantins, por meio da Secretaria de Estado do Planejamento e Or\u00e7amento (Seplan), e em Gurupi ocorreu no Centro de Ensino M\u00e9dio Bom Jesus.<\/p>\n\n\n\n<p>Durante o evento, o governador Wanderlei Barbosa ressaltou a import\u00e2ncia de ouvir as demandas da popula\u00e7\u00e3o local e envolver a comunidade nas decis\u00f5es que impactar\u00e3o diretamente suas vidas. \u201cN\u00f3s fazemos um governo com o olhar de norte a sul do Estado. Esta edi\u00e7\u00e3o do PPA \u00e9 de todas as cidades do entorno de Gurupi e agrade\u00e7o o compromisso dos cidad\u00e3os em participar deste momento. Nosso governo \u00e9 de resultado, eu pe\u00e7o que voc\u00eas, que aqui est\u00e3o, deem sua opini\u00e3o e pontuem as necessidades, para constru\u00edmos, juntos, o Plano para os pr\u00f3ximos anos. O PPA s\u00f3 ser\u00e1 constru\u00eddo com toda a equipe de Governo, com todo o secretariado, as autarquias e, principalmente, com a ajuda do povo\u201d, afirmou o chefe do Executivo estadual.<\/p>\n\n\n\n<p>Por sua vez, o vice-governador Laurez Moreira, que construiu sua trajet\u00f3ria pol\u00edtica em Gurupi, falou com entusiasmo sobre a oportunidade de contribuir com o desenvolvimento da cidade que fez parte de sua hist\u00f3ria e convidou a todos da regi\u00e3o para participar, de forma enf\u00e1tica, do planejamento. \u201cNada melhor do que fazer um governo com &nbsp;planejamento e \u00e9 importante que cada cidad\u00e3o diga o que quer para a regi\u00e3o. Vamos colocar no planejamento todas as obras importantes para o fortalecimento do estado do Tocantins, contemplando as necessidades da regi\u00e3o sul do Estado\u201d, comentou o vice-governador.<\/p>\n\n\n\n<p>Ambos os l\u00edderes enfatizaram a parceria entre o governo estadual e os munic\u00edpios da regi\u00e3o sul. Nesse sentido, a prefeita de Gurupi, Josi Nunes, agradeceu ao governador Wanderlei Barbosa em ter a aten\u00e7\u00e3o com a Regional Sul e reafirmou o compromisso do munic\u00edpio na execu\u00e7\u00e3o do PPA, a partir da escolha popular. \u201cVamos aproveitar este momento de elabora\u00e7\u00e3o do Planejamento para dizer os nossos sonhos, as nossas necessidades e os nossos grandes desafios. Tudo que n\u00f3s desejamos tem que estar no PPA do Governo do Estado e n\u00f3s prefeitos temos que seguir o Plano e \u00e9 isso que n\u00f3s fazemos a cada ano\u201d, comentou a prefeita Josi Nunes.<\/p>\n\n\n\n<p>O secret\u00e1rio de Estado do Planejamento e Or\u00e7amento, Sergislei Moura, exaltou as potencialidades da Regional Sul para o Estado, destacando o setor de servi\u00e7os, agropecu\u00e1ria e minera\u00e7\u00e3o, e falou do otimismo em realizar mais uma consulta p\u00fablica. \u201cA perspectiva do Governo \u00e9 trabalhar com a comunidade, junto com toda a nossa equipe de t\u00e9cnicos, buscando as principais prioridades que o Estado tem para os pr\u00f3ximos quatro anos. Estamos otimistas, pois temos o exemplo dessa escola, que sedia a s\u00e9tima consulta, e teve reforma a partir de uma demanda do PPA\u201d, pontuou o secret\u00e1rio Sergislei.<\/p>\n\n\n\n<p><strong>Regional Sul<\/strong><\/p>\n\n\n\n<p>O PPA \u00e9 um instrumento essencial para o planejamento de a\u00e7\u00f5es governamentais, determinando as prioridades e as metas a serem alcan\u00e7adas durante um per\u00edodo de quatro anos. A participa\u00e7\u00e3o do governador e do vice-governador na elabora\u00e7\u00e3o do plano para Gurupi representa um comprometimento significativo com o desenvolvimento e o progresso da regi\u00e3o.<\/p>\n\n\n\n<p>A edi\u00e7\u00e3o do PPA na Regional Sul envolveu 17 munic\u00edpios, sendo eles Alian\u00e7a do Tocantins, Alvorada, Aragua\u00e7u, Cariri do Tocantins, Crix\u00e1s do Tocantins, Duer\u00e9, Figueir\u00f3polis, Formoso do Araguaia, Gurupi, Ja\u00fa do Tocantins, Palmeir\u00f3polis, Peixe, Sandol\u00e2ndia, Santa Rita do Tocantins, S\u00e3o Salvador do Tocantins, Sucupira e Talism\u00e3.<\/p>\n\n\n\n<p>Esses munic\u00edpios discutem suas demandas em sete eixos: Meio Ambiente e Mudan\u00e7as Clim\u00e1ticas; Infraestrutura Econ\u00f4mica e Urbana; Seguran\u00e7a, Assist\u00eancia Social e Cidadania; Sa\u00fade e Bem-Estar; Educa\u00e7\u00e3o, Ci\u00eancia, Tecnologia &amp; Inova\u00e7\u00e3o; Gest\u00e3o P\u00fablica e Governan\u00e7a; Desenvolvimento Produtivo, Economia Criativa, Emprego e Renda.<\/p>\n\n\n\n<p>O prefeito de Formoso do Araguaia, Heno Rodrigues da Silva, acredita que a Consulta P\u00fablica \u00e9 um instrumento de participa\u00e7\u00e3o democr\u00e1tica e chegou no local preparado para apresentar as demandas do seu munic\u00edpio. \u201c\u00c9 um privil\u00e9gio, como munic\u00edpio, participar do planejamento plurianual do Governo do Estado do Tocantins para os pr\u00f3ximos quatro anos. E a participa\u00e7\u00e3o dos mun\u00edcipes \u00e9 primordial, uma vez que a vida acontece nos munic\u00edpios. Este \u00e9 o momento em que podemos colocar nossos anseios, colocar aquilo que sentimos de perto para que o Governo conhe\u00e7a as realidades para planejar obras estruturantes e a\u00e7\u00f5es que v\u00e3o mudar a vida das pessoas\u201d, informou.<\/p>\n\n\n\n<p>A primeira cacique mulher do Tocantins, Lucirene Berrederu Java\u00e9, da Aldeia Boa Esperan\u00e7a, que fica na Ilha do Bananal, participou do eixo Meio Ambiente e Mudan\u00e7as Clim\u00e1ticas. Anci\u00e3 ind\u00edgena com extenso conhecimento sobre o assunto, ela n\u00e3o deixou de pontuar a necessidade de pol\u00edticas p\u00fablicas no combate ao desmatamento e em a\u00e7\u00f5es contra queimadas. \u201cEu gosto de reflorestamento. A floresta melhora o clima e tem plantas medicinais. Isso que \u00e9 importante para minha aldeia\u201d, expressou.<\/p>\n\n\n\n<p>O evento do Plano Plurianual em Gurupi tamb\u00e9m contou com a presen\u00e7a de representantes dos legislativos, executivos municipais, sociedade civil, l\u00edderes comunit\u00e1rios e empres\u00e1rios locais, que tiveram a oportunidade de compartilhar suas perspectivas e contribuir para a constru\u00e7\u00e3o do plano de a\u00e7\u00e3o governamental.<\/p>\n\n\n\n<p>As pr\u00f3ximas consultas p\u00fablicas do Governo do Tocantins na constru\u00e7\u00e3o do PPA ocorrer\u00e3o nas cidades de Pedro Afonso, no dia 18 de agosto; em Novo Acordo, no dia 22; e em Palmas, no dia 25 de agosto.<\/p>\n\n\n\n<figure class=\"wp-block-image\"><img decoding=\"async\" src=\"https:\/\/central.to.gov.br\/image\/341110?w=670&amp;h=383\" alt=\"\"\/><\/figure>\n\n\n\n<p><em><strong>Primeira cacique mulher do Tocantins, Lucirene Berrederu Java\u00e9, da Aldeia Boa Esperan\u00e7a, na Ilha do Bananal, participou do eixo Meio Ambiente e Mudan\u00e7as Clim\u00e1ticas &#8211; Foto: Loise Maria\/Governo do Tocantins\u00a0<\/strong><\/em><\/p>\n\n\n\n<figure class=\"wp-block-image is-resized\"><img loading=\"lazy\" decoding=\"async\" src=\"https:\/\/central.to.gov.br\/image\/341109?w=670&amp;h=383\" alt=\"\" width=\"837\" height=\"478\"\/><\/figure>\n\n\n\n<p><em><strong>Prefeita de Gurupi, Josi Nunes, agradeceu pelo PPA, a partir da escolha popular &#8211; Foto: Loise Maria\/Governo do Tocantina<\/strong><\/em><\/p>\n\n\n\n<figure class=\"wp-block-image is-resized\"><img loading=\"lazy\" decoding=\"async\" src=\"https:\/\/central.to.gov.br\/image\/341107?w=670&amp;h=383\" alt=\"\" width=\"836\" height=\"478\"\/><\/figure>\n\n\n\n<p><em><strong>Vice-governador, Laurez Moreira, falou com entusiasmo sobre a oportunidade de contribuir com o desenvolvimento da cidade que fez parte de sua hist\u00f3ria e convidou a todos da regi\u00e3o para participar &#8211; Foto: Loise Maria\/Governo do Tocantins&nbsp;<\/strong><\/em><\/p>\n\n\n\n<figure class=\"wp-block-image is-resized\"><img loading=\"lazy\" decoding=\"async\" src=\"https:\/\/central.to.gov.br\/image\/341106?w=670&amp;h=383\" alt=\"\" width=\"839\" height=\"480\"\/><\/figure>\n\n\n\n<p><em><strong>Durante o evento, o governador ressaltou a import\u00e2ncia de ouvir as demandas da popula\u00e7\u00e3o local e envolver a comunidade nas decis\u00f5es que impactar\u00e3o diretamente suas vidas &#8211; Foto: Loise Maria\/Governo do Tocantins\u00a0<\/strong><\/em><\/p>\n\n\n\n<figure class=\"wp-block-image size-full is-resized\"><img loading=\"lazy\" decoding=\"async\" src=\"https:\/\/focotocantinense.com.br\/wp-content\/uploads\/2023\/08\/image.png\" alt=\"\" class=\"wp-image-5575\" width=\"839\" height=\"480\" srcset=\"https:\/\/focotocantinense.com.br\/wp-content\/uploads\/2023\/08\/image.png 670w, https:\/\/focotocantinense.com.br\/wp-content\/uploads\/2023\/08\/image-300x171.png 300w\" sizes=\"auto, (max-width: 839px) 100vw, 839px\" \/><\/figure>\n\n\n\n<p><em><strong>Secret\u00e1rio da Seplan, Sergislei Moura, comentou sobre a import\u00e2ncia da regi\u00e3o sul para o Estado, destacando o otimismo em realizar mais uma consulta p\u00fablica &#8211; Foto: Loise Maria\/Governo do Tocantins\u00a0<\/strong><\/em><\/p>\n\n\n\n<figure class=\"wp-block-image is-resized\"><img loading=\"lazy\" decoding=\"async\" src=\"http:\/\/n1to.com.br\/img\/uploads\/VINI_130.jpg\" alt=\"\" width=\"839\" height=\"253\"\/><\/figure>\n","protected":false},"excerpt":{"rendered":"<p>O munic\u00edpio de Gurupi representou a regi\u00e3o sul do Estado, sendo palco, nesta sexta-feira, 4, da 7\u00aa Consulta P\u00fablica do Plano Plurianual (PPA 2024-2027) e contou com a presen\u00e7a do governador do Tocantins, Wanderlei Barbosa, e do vice-governador Laurez Moreira. O PPA \u00e9 realizado pelo Governo do Tocantins, por meio da Secretaria de Estado do &hellip;<\/p>\n","protected":false},"author":5,"featured_media":5573,"comment_status":"open","ping_status":"open","sticky":false,"template":"","format":"standard","meta":{"footnotes":""},"categories":[38],"tags":[],"class_list":["post-5572","post","type-post","status-publish","format-standard","has-post-thumbnail","","category-gurupi"],"_links":{"self":[{"href":"https:\/\/focotocantinense.com.br\/index.php?rest_route=\/wp\/v2\/posts\/5572","targetHints":{"allow":["GET"]}}],"collection":[{"href":"https:\/\/focotocantinense.com.br\/index.php?rest_route=\/wp\/v2\/posts"}],"about":[{"href":"https:\/\/focotocantinense.com.br\/index.php?rest_route=\/wp\/v2\/types\/post"}],"author":[{"embeddable":true,"href":"https:\/\/focotocantinense.com.br\/index.php?rest_route=\/wp\/v2\/users\/5"}],"replies":[{"embeddable":true,"href":"https:\/\/focotocantinense.com.br\/index.php?rest_route=%2Fwp%2Fv2%2Fcomments&post=5572"}],"version-history":[{"count":5,"href":"https:\/\/focotocantinense.com.br\/index.php?rest_route=\/wp\/v2\/posts\/5572\/revisions"}],"predecessor-version":[{"id":5580,"href":"https:\/\/focotocantinense.com.br\/index.php?rest_route=\/wp\/v2\/posts\/5572\/revisions\/5580"}],"wp:featuredmedia":[{"embeddable":true,"href":"https:\/\/focotocantinense.com.br\/index.php?rest_route=\/wp\/v2\/media\/5573"}],"wp:attachment":[{"href":"https:\/\/focotocantinense.com.br\/index.php?rest_route=%2Fwp%2Fv2%2Fmedia&parent=5572"}],"wp:term":[{"taxonomy":"category","embeddable":true,"href":"https:\/\/focotocantinense.com.br\/index.php?rest_route=%2Fwp%2Fv2%2Fcategories&post=5572"},{"taxonomy":"post_tag","embeddable":true,"href":"https:\/\/focotocantinense.com.br\/index.php?rest_route=%2Fwp%2Fv2%2Ftags&post=5572"}],"curies":[{"name":"wp","href":"https:\/\/api.w.org\/{rel}","templated":true}]}}