{"id":5562,"date":"2023-08-03T18:21:35","date_gmt":"2023-08-03T21:21:35","guid":{"rendered":"https:\/\/focotocantinense.com.br\/?p=5562"},"modified":"2023-08-03T18:24:08","modified_gmt":"2023-08-03T21:24:08","slug":"prefeitura-de-sao-valerio-se-destaca-com-acoes-na-area-da-saude-publica-para-melhorar-qualidade-de-vida-da-populacao","status":"publish","type":"post","link":"https:\/\/focotocantinense.com.br\/?p=5562","title":{"rendered":"Prefeitura de S\u00e3o Val\u00e9rio se destaca com a\u00e7\u00f5es na \u00e1rea da sa\u00fade p\u00fablica para melhorar qualidade de vida da popula\u00e7\u00e3o"},"content":{"rendered":"\n<p>A Prefeitura Municipal de S\u00e3o Val\u00e9rio tem se destacado pela implementa\u00e7\u00e3o de a\u00e7\u00f5es significativas na \u00e1rea da sa\u00fade p\u00fablica, visando melhorar a qualidade de vida dos seus cidad\u00e3os. Com importantes avan\u00e7os nos \u00faltimos meses, a popula\u00e7\u00e3o j\u00e1 come\u00e7a a colher os benef\u00edcios dessas iniciativas. Diversas medidas t\u00eam sido tomadas para fortalecer o atendimento m\u00e9dico, garantir assist\u00eancia de qualidade e ampliar o acesso aos servi\u00e7os de sa\u00fade em todo o munic\u00edpio.<\/p>\n\n\n\n<p><em><strong>Novos m\u00e9dicos&nbsp;<\/strong><\/em><\/p>\n\n\n\n<p>Recentemente, a Prefeitura apresentou \u00e0 comunidade os novos m\u00e9dicos que ir\u00e3o atuar na Unidade B\u00e1sica de Sa\u00fade, Pronto Atendimento e Distritos. Com essa medida, busca-se fortalecer o atendimento m\u00e9dico e oferecer assist\u00eancia de qualidade a todos os cidad\u00e3os de S\u00e3o Val\u00e9rio. A presen\u00e7a de novos profissionais \u00e9 uma resposta \u00e0s necessidades crescentes da popula\u00e7\u00e3o, garantindo um suporte mais adequado aos pacientes.<\/p>\n\n\n\n<p><em><strong>Emenda parlamentar<\/strong><\/em><\/p>\n\n\n\n<p>Uma excelente not\u00edcia chegou \u00e0 Prefeitura de S\u00e3o Val\u00e9rio com a destina\u00e7\u00e3o de uma emenda parlamentar do Senador Iraj\u00e1 Abreu e do Deputado Federal Carlos Gaguim. Os recursos provenientes dessa emenda ser\u00e3o utilizados para manuten\u00e7\u00f5es e custeios da Secretaria Municipal de Sa\u00fade. O apoio cont\u00ednuo dos parlamentares e sua lembran\u00e7a carinhosa da cidade contribuem significativamente para o desenvolvimento das a\u00e7\u00f5es de sa\u00fade na regi\u00e3o, beneficiando toda a popula\u00e7\u00e3o.<\/p>\n\n\n\n<p><em><strong>Atendimento especializado \u00e0s mulheres<\/strong><\/em><\/p>\n\n\n\n<p>Em parceria com a Secretaria Municipal de Sa\u00fade, a Carreta do Hospital de Amor\/Tocantins esteve presente no munic\u00edpio em junho, oferecendo atendimento especializado \u00e0s mulheres da regi\u00e3o. A assist\u00eancia foi direcionada para mulheres entre 40 e 60 anos, com agendamentos realizados pela equipe de profissionais da Secretaria. Essa iniciativa refor\u00e7a o compromisso com a sa\u00fade feminina, promovendo exames preventivos e diagn\u00f3sticos precoces para garantir um melhor cuidado e bem-estar.<\/p>\n\n\n\n<figure class=\"wp-block-image is-resized\"><img loading=\"lazy\" decoding=\"async\" src=\"http:\/\/n1to.com.br\/img\/uploads\/bbb_61.jpg\" alt=\"\" width=\"836\" height=\"477\"\/><\/figure>\n\n\n\n<p><strong><em>Sa\u00fade e Educa\u00e7\u00e3o juntas&nbsp;<\/em><\/strong><\/p>\n\n\n\n<p>A Secretaria Municipal de Sa\u00fade de S\u00e3o Val\u00e9rio tem desenvolvido programas em parceria com a Secretaria Municipal de Educa\u00e7\u00e3o, com o objetivo de promover a\u00e7\u00f5es de sa\u00fade e bem-estar entre os alunos da rede municipal de ensino. Essa abordagem visa conscientizar e orientar as crian\u00e7as e jovens sobre a import\u00e2ncia da preven\u00e7\u00e3o de doen\u00e7as e da ado\u00e7\u00e3o de h\u00e1bitos saud\u00e1veis desde cedo, contribuindo para uma popula\u00e7\u00e3o mais saud\u00e1vel no futuro.<\/p>\n\n\n\n<p><strong><em>Programa Beb\u00ea a Bordo<\/em><\/strong><\/p>\n\n\n\n<p>Outro programa de destaque \u00e9 o \u201cBeb\u00ea a Bordo\u201d, desenvolvido pela Secretaria Municipal de Sa\u00fade, que acompanha de perto todas as gestantes da cidade. O programa oferece intera\u00e7\u00e3o, caf\u00e9 da manh\u00e3, lembrancinhas e banheiras para cada uma delas, al\u00e9m de acompanhamento m\u00e9dico e odontol\u00f3gico. Essa iniciativa visa garantir que as gestantes recebam todo o suporte necess\u00e1rio para uma gesta\u00e7\u00e3o saud\u00e1vel e segura, bem como informa\u00e7\u00f5es sobre os cuidados com o beb\u00ea ap\u00f3s o nascimento.<\/p>\n\n\n\n<figure class=\"wp-block-image is-resized\"><img loading=\"lazy\" decoding=\"async\" src=\"http:\/\/n1to.com.br\/img\/uploads\/ccc_35.jpg\" alt=\"\" width=\"839\" height=\"470\"\/><\/figure>\n\n\n\n<p><em><strong>Profissionais da sa\u00fade e Frota de ve\u00edculos<\/strong><\/em><\/p>\n\n\n\n<p>O munic\u00edpio de S\u00e3o Val\u00e9rio conta com uma equipe de profissionais da sa\u00fade altamente capacitada, incluindo m\u00e9dicos, fisioterapeuta, odont\u00f3logos, nutricionista, farmac\u00eautica, t\u00e9cnicos em raio-x, enfermeiros e t\u00e9cnicos, todos comprometidos em oferecer um trabalho de qualidade \u00e0 popula\u00e7\u00e3o. Os odont\u00f3logos ainda realizam atendimentos de pr\u00f3tese dent\u00e1ria para a comunidade em parceria com o programa Brasil Sorridente, do governo federal. Al\u00e9m disso.<\/p>\n\n\n\n<p>Com um time de seis motoristas, sendo cinco na escala de urg\u00eancia e emerg\u00eancia e um atendendo aos servi\u00e7os da aten\u00e7\u00e3o b\u00e1sica, a cidade conta com uma estrutura preparada para atendimentos em domic\u00edlio, que incluem servi\u00e7os m\u00e9dicos, de enfermagem, fisioterapia, odontologia e curativos. Al\u00e9m disso, a secretaria disp\u00f5e de uma frota de ve\u00edculos, incluindo ambul\u00e2ncias, van sprinter e ve\u00edculos de passeio, para atender \u00e0s necessidades dos pacientes.<\/p>\n\n\n\n<figure class=\"wp-block-image is-resized\"><img loading=\"lazy\" decoding=\"async\" src=\"http:\/\/n1to.com.br\/img\/uploads\/ddd_10.jpg\" alt=\"\" width=\"838\" height=\"514\"\/><\/figure>\n\n\n\n<p>O prefeito Ol\u00edmpio Arraes, ao ser questionado sobre os avan\u00e7os na \u00e1rea da sa\u00fade em S\u00e3o Val\u00e9rio, refor\u00e7ou seu comprometimento e busca incans\u00e1vel por melhorias e qualidade de vida em todas as \u00e1reas de sua gest\u00e3o. A secret\u00e1ria municipal de sa\u00fade, Tatiana Lopes, destacou a seriedade e compromisso da gest\u00e3o com o bem-estar da popula\u00e7\u00e3o e ressaltou a import\u00e2ncia das parcerias para o sucesso das a\u00e7\u00f5es implementadas.<\/p>\n\n\n\n<figure class=\"wp-block-image is-resized\"><img loading=\"lazy\" decoding=\"async\" src=\"http:\/\/n1to.com.br\/img\/uploads\/eee_5.jpg\" alt=\"\" width=\"837\" height=\"510\"\/><\/figure>\n\n\n\n<p><strong><em>Compromisso genu\u00edno com a sa\u00fade e bem-estar da popula\u00e7\u00e3o<\/em><\/strong><\/p>\n\n\n\n<p>Com a implementa\u00e7\u00e3o dessas a\u00e7\u00f5es e programas, a Prefeitura Municipal de S\u00e3o Val\u00e9rio demonstra um compromisso genu\u00edno com a sa\u00fade e bem-estar da popula\u00e7\u00e3o, buscando sempre melhorar a qualidade de vida dos seus mun\u00edcipes. O fortalecimento da sa\u00fade p\u00fablica, a parceria com \u00f3rg\u00e3os estaduais e federais, a valoriza\u00e7\u00e3o da preven\u00e7\u00e3o e do cuidado s\u00e3o pilares fundamentais para o desenvolvimento sustent\u00e1vel do munic\u00edpio. O resultado positivo dessas iniciativas \u00e9 sentido pelos moradores que agora contam com um sistema de sa\u00fade mais eficiente e humano.\u00a0<\/p>\n\n\n\n<p><em><strong>\u00a0(Por Jonas Amaral | Com informa\u00e7\u00f5es de Ananda Gonzatto &#8211; Ascom &#8211; Prefeitura de S\u00e3o Val\u00e9rio) <\/strong><\/em><\/p>\n\n\n<div class=\"wp-block-image\">\n<figure class=\"aligncenter\"><img decoding=\"async\" src=\"https:\/\/portaldoamaral.com.br\/wp-content\/uploads\/2023\/08\/WhatsApp-Image-2023-08-03-at-11.06.53-7.jpeg\" alt=\"\" class=\"wp-image-137915\"\/><\/figure>\n<\/div>\n\n\n<figure class=\"wp-block-image is-resized\"><img loading=\"lazy\" decoding=\"async\" src=\"http:\/\/n1to.com.br\/img\/uploads\/VINI_129.jpg\" alt=\"\" width=\"840\" height=\"253\"\/><\/figure>\n\n\n\n<p><\/p>\n","protected":false},"excerpt":{"rendered":"<p>A Prefeitura Municipal de S\u00e3o Val\u00e9rio tem se destacado pela implementa\u00e7\u00e3o de a\u00e7\u00f5es significativas na \u00e1rea da sa\u00fade p\u00fablica, visando melhorar a qualidade de vida dos seus cidad\u00e3os. Com importantes avan\u00e7os nos \u00faltimos meses, a popula\u00e7\u00e3o j\u00e1 come\u00e7a a colher os benef\u00edcios dessas iniciativas. Diversas medidas t\u00eam sido tomadas para fortalecer o atendimento m\u00e9dico, garantir &hellip;<\/p>\n","protected":false},"author":5,"featured_media":5563,"comment_status":"open","ping_status":"open","sticky":false,"template":"","format":"standard","meta":{"footnotes":""},"categories":[57],"tags":[],"class_list":["post-5562","post","type-post","status-publish","format-standard","has-post-thumbnail","","category-sao-valerio"],"_links":{"self":[{"href":"https:\/\/focotocantinense.com.br\/index.php?rest_route=\/wp\/v2\/posts\/5562","targetHints":{"allow":["GET"]}}],"collection":[{"href":"https:\/\/focotocantinense.com.br\/index.php?rest_route=\/wp\/v2\/posts"}],"about":[{"href":"https:\/\/focotocantinense.com.br\/index.php?rest_route=\/wp\/v2\/types\/post"}],"author":[{"embeddable":true,"href":"https:\/\/focotocantinense.com.br\/index.php?rest_route=\/wp\/v2\/users\/5"}],"replies":[{"embeddable":true,"href":"https:\/\/focotocantinense.com.br\/index.php?rest_route=%2Fwp%2Fv2%2Fcomments&post=5562"}],"version-history":[{"count":6,"href":"https:\/\/focotocantinense.com.br\/index.php?rest_route=\/wp\/v2\/posts\/5562\/revisions"}],"predecessor-version":[{"id":5571,"href":"https:\/\/focotocantinense.com.br\/index.php?rest_route=\/wp\/v2\/posts\/5562\/revisions\/5571"}],"wp:featuredmedia":[{"embeddable":true,"href":"https:\/\/focotocantinense.com.br\/index.php?rest_route=\/wp\/v2\/media\/5563"}],"wp:attachment":[{"href":"https:\/\/focotocantinense.com.br\/index.php?rest_route=%2Fwp%2Fv2%2Fmedia&parent=5562"}],"wp:term":[{"taxonomy":"category","embeddable":true,"href":"https:\/\/focotocantinense.com.br\/index.php?rest_route=%2Fwp%2Fv2%2Fcategories&post=5562"},{"taxonomy":"post_tag","embeddable":true,"href":"https:\/\/focotocantinense.com.br\/index.php?rest_route=%2Fwp%2Fv2%2Ftags&post=5562"}],"curies":[{"name":"wp","href":"https:\/\/api.w.org\/{rel}","templated":true}]}}