{"id":5554,"date":"2023-08-02T16:25:55","date_gmt":"2023-08-02T19:25:55","guid":{"rendered":"https:\/\/focotocantinense.com.br\/?p=5554"},"modified":"2023-08-02T16:26:23","modified_gmt":"2023-08-02T19:26:23","slug":"durante-almoco-com-o-vice-governador-laurez-moreira-e-o-deputado-gutierres-torquato-raiza-guimaraes-discute-as-demandas-de-lagoa-da-confusao","status":"publish","type":"post","link":"https:\/\/focotocantinense.com.br\/?p=5554","title":{"rendered":"Durante almo\u00e7o com o vice-governador Laurez Moreira e o deputado Gutierres Torquato Raiza Guimar\u00e3es discute as demandas de Lagoa da Confus\u00e3o"},"content":{"rendered":"\n<figure class=\"wp-block-image size-full is-resized\"><img loading=\"lazy\" decoding=\"async\" src=\"https:\/\/focotocantinense.com.br\/wp-content\/uploads\/2023\/08\/LAUREZ-RAIZA-E-GUIERRES.png\" alt=\"\" class=\"wp-image-5555\" width=\"406\" height=\"298\" srcset=\"https:\/\/focotocantinense.com.br\/wp-content\/uploads\/2023\/08\/LAUREZ-RAIZA-E-GUIERRES.png 577w, https:\/\/focotocantinense.com.br\/wp-content\/uploads\/2023\/08\/LAUREZ-RAIZA-E-GUIERRES-300x220.png 300w\" sizes=\"auto, (max-width: 406px) 100vw, 406px\" \/><\/figure>\n\n\n\n<p><strong>Por Zacarias Martins<\/strong><\/p>\n\n\n\n<p>Nesta quarta-feira, dia 2, a empres\u00e1ria e ex-vereadora de Lagoa da Confus\u00e3o, &nbsp;Raiza Guimar\u00e3es, participou de um&nbsp; almo\u00e7o, em Palmas, com o vice-governador Laurez Moreira e o deputado estadual Gutierres Torquato, onde ela teve a oportunidade de&nbsp; &nbsp;discutir e apresentar demandas cruciais para impulsionar as melhorias que &nbsp;que a popula\u00e7\u00e3o daquele &nbsp;munic\u00edpio &nbsp;tanto almeja.<\/p>\n\n\n\n<p>\u201cFoi uma oportunidade incr\u00edvel para alinhar ideias, compartilhar perspectivas e tra\u00e7ar caminhos que possam resultar em um futuro mais brilhante para nossa comunidade.\u201d, afirmou Raiza, destacando que \u00e9 inspirador ver o comprometimento e a dedica\u00e7\u00e3o &nbsp;tanto do vice-governador Laurez, quanto do deputado Gutierres na busca de solu\u00e7\u00f5es &nbsp;para melhorar a qualidade de vida da popula\u00e7\u00e3o lagoense,<\/p>\n\n\n\n<p>Raiza Guimar\u00e3es&nbsp; desejou que esse encontro frut\u00edfero seja apenas o in\u00edcio de um di\u00e1logo cont\u00ednuo, guiado pelo desejo genu\u00edno de promover avan\u00e7os significativos em Lagoa da Confus\u00e3o.<\/p>\n\n\n\n<p>\u201cAgrade\u00e7o ao nosso vice-governador &nbsp;Laurez Moreira, ao deputado &nbsp;Gutierres Torquato e a todos que est\u00e3o empenhados nesse esfor\u00e7o conjunto. Vamos em frente, sempre em busca de um futuro melhor para nossa amada cidade\u201d, concluiu Raiza Guimar\u00e3es.<\/p>\n\n\n\n<figure class=\"wp-block-image is-resized\"><img loading=\"lazy\" decoding=\"async\" src=\"http:\/\/n1to.com.br\/img\/uploads\/VINI_129.jpg\" alt=\"\" width=\"833\" height=\"251\"\/><\/figure>\n","protected":false},"excerpt":{"rendered":"<p>Por Zacarias Martins Nesta quarta-feira, dia 2, a empres\u00e1ria e ex-vereadora de Lagoa da Confus\u00e3o, &nbsp;Raiza Guimar\u00e3es, participou de um&nbsp; almo\u00e7o, em Palmas, com o vice-governador Laurez Moreira e o deputado estadual Gutierres Torquato, onde ela teve a oportunidade de&nbsp; &nbsp;discutir e apresentar demandas cruciais para impulsionar as melhorias que &nbsp;que a popula\u00e7\u00e3o daquele &nbsp;munic\u00edpio &hellip;<\/p>\n","protected":false},"author":5,"featured_media":5555,"comment_status":"open","ping_status":"open","sticky":false,"template":"","format":"standard","meta":{"footnotes":""},"categories":[1],"tags":[],"class_list":["post-5554","post","type-post","status-publish","format-standard","has-post-thumbnail","","category-sem-categoria"],"_links":{"self":[{"href":"https:\/\/focotocantinense.com.br\/index.php?rest_route=\/wp\/v2\/posts\/5554","targetHints":{"allow":["GET"]}}],"collection":[{"href":"https:\/\/focotocantinense.com.br\/index.php?rest_route=\/wp\/v2\/posts"}],"about":[{"href":"https:\/\/focotocantinense.com.br\/index.php?rest_route=\/wp\/v2\/types\/post"}],"author":[{"embeddable":true,"href":"https:\/\/focotocantinense.com.br\/index.php?rest_route=\/wp\/v2\/users\/5"}],"replies":[{"embeddable":true,"href":"https:\/\/focotocantinense.com.br\/index.php?rest_route=%2Fwp%2Fv2%2Fcomments&post=5554"}],"version-history":[{"count":1,"href":"https:\/\/focotocantinense.com.br\/index.php?rest_route=\/wp\/v2\/posts\/5554\/revisions"}],"predecessor-version":[{"id":5556,"href":"https:\/\/focotocantinense.com.br\/index.php?rest_route=\/wp\/v2\/posts\/5554\/revisions\/5556"}],"wp:featuredmedia":[{"embeddable":true,"href":"https:\/\/focotocantinense.com.br\/index.php?rest_route=\/wp\/v2\/media\/5555"}],"wp:attachment":[{"href":"https:\/\/focotocantinense.com.br\/index.php?rest_route=%2Fwp%2Fv2%2Fmedia&parent=5554"}],"wp:term":[{"taxonomy":"category","embeddable":true,"href":"https:\/\/focotocantinense.com.br\/index.php?rest_route=%2Fwp%2Fv2%2Fcategories&post=5554"},{"taxonomy":"post_tag","embeddable":true,"href":"https:\/\/focotocantinense.com.br\/index.php?rest_route=%2Fwp%2Fv2%2Ftags&post=5554"}],"curies":[{"name":"wp","href":"https:\/\/api.w.org\/{rel}","templated":true}]}}