{"id":5549,"date":"2023-08-02T15:49:19","date_gmt":"2023-08-02T18:49:19","guid":{"rendered":"https:\/\/focotocantinense.com.br\/?p=5549"},"modified":"2023-08-02T19:05:51","modified_gmt":"2023-08-02T22:05:51","slug":"antonio-andrade-solicita-base-do-samu-para-o-distrito-de-luzimangues","status":"publish","type":"post","link":"https:\/\/focotocantinense.com.br\/?p=5549","title":{"rendered":"Antonio Andrade solicita base do SAMU para o Distrito de Luzimangues"},"content":{"rendered":"\n<p class=\"has-text-align-left\">Em busca de melhorias no atendimento m\u00e9dico emergencial, o Deputado Federal republicano Antonio Andrade realizou uma importante solicita\u00e7\u00e3o para a instala\u00e7\u00e3o de uma base do Servi\u00e7o de Atendimento M\u00f3vel de Urg\u00eancia (SAMU) no Distrito de Luzimangues, em Porto Nacional.<\/p>\n\n\n\n<p class=\"has-text-align-left\"><strong>Contexto<\/strong><\/p>\n\n\n\n<p class=\"has-text-align-left\">O Distrito de Luzimangues, localizado no munic\u00edpio de Porto Nacional, \u00e9 uma regi\u00e3o populosa que tem experimentado crescimento significativo nos \u00faltimos anos. No entanto, a falta de servi\u00e7os de sa\u00fade adequados tem sido uma preocupa\u00e7\u00e3o crescente para os moradores da regi\u00e3o.<\/p>\n\n\n\n<p class=\"has-text-align-left\"><strong>O pedido do deputado<\/strong><\/p>\n\n\n\n<p class=\"has-text-align-left\">Atento \u00e0s demandas da popula\u00e7\u00e3o local, o parlamentar apresentou nesta ter\u00e7a-feira, 1 de agosto, um of\u00edcio junto ao Minist\u00e9rio da Sa\u00fade solicitando a implanta\u00e7\u00e3o de uma base do SAMU em Luzimangues. O objetivo \u00e9 proporcionar um atendimento mais \u00e1gil e eficiente em casos de urg\u00eancia e emerg\u00eancia, salvaguardando a vida dos cidad\u00e3os da regi\u00e3o. \u201cJustamente pra atender a nossa popula\u00e7\u00e3o, \u00e9 muito dif\u00edcil na hora da necessidade voc\u00ea ter que ligar para o SAMU e ser atendido pela base de Palmas. Espero que o Minist\u00e9rio possa atender a nossa solicita\u00e7\u00e3o\u201d, afirmou.<\/p>\n\n\n\n<p class=\"has-text-align-left\">O parlamentar destacou a relev\u00e2ncia da iniciativa, apontando que a instala\u00e7\u00e3o de uma base do SAMU em Luzimangues \u00e9 uma medida necess\u00e1ria para garantir o acesso r\u00e1pido aos cuidados m\u00e9dicos, principalmente diante da dist\u00e2ncia que separa a regi\u00e3o do centro de Porto Nacional, onde fica localizado o Hospital Regional.Com o SAMU mais pr\u00f3ximo, a popula\u00e7\u00e3o de quase 25 mil habitantes segundo o \u00faltimo Censo poder\u00e1 contar com uma equipe especializada e equipada para prestar atendimento emergencial pr\u00e9-hospitalar de qualidade, reduzindo os riscos de complica\u00e7\u00f5es em situa\u00e7\u00f5es de risco. <\/p>\n\n\n\n<figure class=\"wp-block-image size-full is-resized\"><img loading=\"lazy\" decoding=\"async\" src=\"https:\/\/focotocantinense.com.br\/wp-content\/uploads\/2023\/07\/VINI-4.jpg\" alt=\"\" class=\"wp-image-5491\" width=\"841\" height=\"254\" srcset=\"https:\/\/focotocantinense.com.br\/wp-content\/uploads\/2023\/07\/VINI-4.jpg 640w, https:\/\/focotocantinense.com.br\/wp-content\/uploads\/2023\/07\/VINI-4-300x90.jpg 300w\" sizes=\"auto, (max-width: 841px) 100vw, 841px\" \/><\/figure>\n","protected":false},"excerpt":{"rendered":"<p>Em busca de melhorias no atendimento m\u00e9dico emergencial, o Deputado Federal republicano Antonio Andrade realizou uma importante solicita\u00e7\u00e3o para a instala\u00e7\u00e3o de uma base do Servi\u00e7o de Atendimento M\u00f3vel de Urg\u00eancia (SAMU) no Distrito de Luzimangues, em Porto Nacional. Contexto O Distrito de Luzimangues, localizado no munic\u00edpio de Porto Nacional, \u00e9 uma regi\u00e3o populosa que &hellip;<\/p>\n","protected":false},"author":5,"featured_media":5551,"comment_status":"open","ping_status":"open","sticky":false,"template":"","format":"standard","meta":{"footnotes":""},"categories":[103,40,1],"tags":[],"class_list":["post-5549","post","type-post","status-publish","format-standard","has-post-thumbnail","","category-brasil","category-politica","category-sem-categoria"],"_links":{"self":[{"href":"https:\/\/focotocantinense.com.br\/index.php?rest_route=\/wp\/v2\/posts\/5549","targetHints":{"allow":["GET"]}}],"collection":[{"href":"https:\/\/focotocantinense.com.br\/index.php?rest_route=\/wp\/v2\/posts"}],"about":[{"href":"https:\/\/focotocantinense.com.br\/index.php?rest_route=\/wp\/v2\/types\/post"}],"author":[{"embeddable":true,"href":"https:\/\/focotocantinense.com.br\/index.php?rest_route=\/wp\/v2\/users\/5"}],"replies":[{"embeddable":true,"href":"https:\/\/focotocantinense.com.br\/index.php?rest_route=%2Fwp%2Fv2%2Fcomments&post=5549"}],"version-history":[{"count":5,"href":"https:\/\/focotocantinense.com.br\/index.php?rest_route=\/wp\/v2\/posts\/5549\/revisions"}],"predecessor-version":[{"id":5561,"href":"https:\/\/focotocantinense.com.br\/index.php?rest_route=\/wp\/v2\/posts\/5549\/revisions\/5561"}],"wp:featuredmedia":[{"embeddable":true,"href":"https:\/\/focotocantinense.com.br\/index.php?rest_route=\/wp\/v2\/media\/5551"}],"wp:attachment":[{"href":"https:\/\/focotocantinense.com.br\/index.php?rest_route=%2Fwp%2Fv2%2Fmedia&parent=5549"}],"wp:term":[{"taxonomy":"category","embeddable":true,"href":"https:\/\/focotocantinense.com.br\/index.php?rest_route=%2Fwp%2Fv2%2Fcategories&post=5549"},{"taxonomy":"post_tag","embeddable":true,"href":"https:\/\/focotocantinense.com.br\/index.php?rest_route=%2Fwp%2Fv2%2Ftags&post=5549"}],"curies":[{"name":"wp","href":"https:\/\/api.w.org\/{rel}","templated":true}]}}