{"id":5537,"date":"2023-08-01T18:32:20","date_gmt":"2023-08-01T21:32:20","guid":{"rendered":"https:\/\/focotocantinense.com.br\/?p=5537"},"modified":"2023-08-01T18:37:31","modified_gmt":"2023-08-01T21:37:31","slug":"espetaculo-premiado-na-europa-sera-apresentado-gratuitamente-em-palmas-e-gurupi","status":"publish","type":"post","link":"https:\/\/focotocantinense.com.br\/?p=5537","title":{"rendered":"Espet\u00e1culo premiado na Europa ser\u00e1 apresentado gratuitamente em Palmas e Gurupi"},"content":{"rendered":"\n<p>O espet\u00e1culo Metamorfose, premiado pelo J\u00fari Popular no Festival Imaginarius, em Portugal, est\u00e1 com data marcada para acontecer nas cidades de Palmas e Gurupi \u2013 e com entrada gratuita.<\/p>\n\n\n\n<p>Inspirada no livro \u201cA Metamorfose\u201d, cl\u00e1ssico de Franz Kafka, a pe\u00e7a est\u00e1 prevista para os dias 04, 05 e 06 de agosto (sexta, s\u00e1bado e domingo), sempre \u00e0s 20h, no palco do Teatro Sesc Palmas, na Qd 502 Norte.<\/p>\n\n\n\n<p>Em Gurupi, a apresenta\u00e7\u00e3o ser\u00e1 no dia 08 de agosto, ter\u00e7a-feira, \u00e0s 19 horas, no Centro de Conven\u00e7\u00f5es Mauro Cunha, localizado na Av. Maranh\u00e3o, 1499 &#8211; Centro.<\/p>\n\n\n\n<p>A obra conta a hist\u00f3ria de um caixeiro viajante, que um dia acorda transformado em um inseto. A partir disso, t\u00eam-se in\u00edcio um conflito com a fam\u00edlia dele, alternando momentos de aceita\u00e7\u00e3o e repulsa.<\/p>\n\n\n\n<p>Dirigido por Jo\u00e3o Bosco Amaral e estrelado por Gustavo Silvestre, o espet\u00e1culo mistura dan\u00e7a, teatro e conte\u00fado audiovisual, em uma experimenta\u00e7\u00e3o sensorial e contempor\u00e2nea.<\/p>\n\n\n\n<p>Em Palmas e Gurupi, o espet\u00e1culo conta com a produ\u00e7\u00e3o local de Carla Lisboa, da Amuleto Produtora, e as apresenta\u00e7\u00f5es que ser\u00e3o realizadas por aqui fazem parte de uma turn\u00ea nacional, contemplada pelo Pr\u00eamio Funarte de Circula\u00e7\u00e3o e Difus\u00e3o da Dan\u00e7a 2022. O espet\u00e1culo j\u00e1 passou pelas cidades de An\u00e1polis (GO) e Bras\u00edlia (DF), e ap\u00f3s se apresentar em terras tocantinenses, a turn\u00ea far\u00e1 suas apresenta\u00e7\u00f5es de encerramento na cidade do artista, em Goi\u00e2nia, no dia 11 de agosto.<\/p>\n\n\n\n<p><strong>SOBRE O ARTISTA<\/strong><\/p>\n\n\n\n<p>Gustavo Silvestre \u00e9 um artista multilinguagens das \u00e1reas de teatro, dan\u00e7a e audiovisual. Graduado em Artes C\u00eanicas e Cinema, atuou como int\u00e9rprete por mais de 15 anos em algumas companhias de grande representatividade no cen\u00e1rio nacional, como Cia M\u00e1rio Nascimento, Cia de Dan\u00e7a Pal\u00e1cio das Artes e Quasar Cia de Dan\u00e7a. Com uma carreira solo, tem participado de importantes festivais internacionais e recentemente recebeu o pr\u00eamio especial do j\u00fari popular no festival Imaginarius em Portugal por seu solo Metamorfose.<\/p>\n\n\n\n<p><a href=\"https:\/\/www.sympla.com.br\/evento\/metamorfose-em-gurupi\/2045129?share_id=copiarlink\"><strong>Os ingressos devem ser retirados gratuitamente, pela plataforma Sympla<\/strong>.<\/a><\/p>\n\n\n\n<figure class=\"wp-block-image size-large is-resized\"><img loading=\"lazy\" decoding=\"async\" src=\"https:\/\/focotocantinense.com.br\/wp-content\/uploads\/2023\/08\/aaaaaaaaaaaaaaaaaaa-1024x517.jpg\" alt=\"\" class=\"wp-image-5543\" width=\"840\" height=\"424\" srcset=\"https:\/\/focotocantinense.com.br\/wp-content\/uploads\/2023\/08\/aaaaaaaaaaaaaaaaaaa-1024x517.jpg 1024w, https:\/\/focotocantinense.com.br\/wp-content\/uploads\/2023\/08\/aaaaaaaaaaaaaaaaaaa-300x151.jpg 300w, https:\/\/focotocantinense.com.br\/wp-content\/uploads\/2023\/08\/aaaaaaaaaaaaaaaaaaa-768x388.jpg 768w, https:\/\/focotocantinense.com.br\/wp-content\/uploads\/2023\/08\/aaaaaaaaaaaaaaaaaaa.jpg 1032w\" sizes=\"auto, (max-width: 840px) 100vw, 840px\" \/><\/figure>\n\n\n\n<figure class=\"wp-block-gallery has-nested-images columns-default is-cropped wp-block-gallery-1 is-layout-flex wp-block-gallery-is-layout-flex\">\n<figure class=\"wp-block-image size-large\"><img loading=\"lazy\" decoding=\"async\" width=\"640\" height=\"193\" data-id=\"5491\" src=\"https:\/\/focotocantinense.com.br\/wp-content\/uploads\/2023\/07\/VINI-4.jpg\" alt=\"\" class=\"wp-image-5491\" srcset=\"https:\/\/focotocantinense.com.br\/wp-content\/uploads\/2023\/07\/VINI-4.jpg 640w, https:\/\/focotocantinense.com.br\/wp-content\/uploads\/2023\/07\/VINI-4-300x90.jpg 300w\" sizes=\"auto, (max-width: 640px) 100vw, 640px\" \/><\/figure>\n<\/figure>\n","protected":false},"excerpt":{"rendered":"<p>O espet\u00e1culo Metamorfose, premiado pelo J\u00fari Popular no Festival Imaginarius, em Portugal, est\u00e1 com data marcada para acontecer nas cidades de Palmas e Gurupi \u2013 e com entrada gratuita. Inspirada no livro \u201cA Metamorfose\u201d, cl\u00e1ssico de Franz Kafka, a pe\u00e7a est\u00e1 prevista para os dias 04, 05 e 06 de agosto (sexta, s\u00e1bado e domingo), &hellip;<\/p>\n","protected":false},"author":5,"featured_media":5538,"comment_status":"open","ping_status":"open","sticky":false,"template":"","format":"standard","meta":{"footnotes":""},"categories":[38],"tags":[],"class_list":["post-5537","post","type-post","status-publish","format-standard","has-post-thumbnail","","category-gurupi"],"_links":{"self":[{"href":"https:\/\/focotocantinense.com.br\/index.php?rest_route=\/wp\/v2\/posts\/5537","targetHints":{"allow":["GET"]}}],"collection":[{"href":"https:\/\/focotocantinense.com.br\/index.php?rest_route=\/wp\/v2\/posts"}],"about":[{"href":"https:\/\/focotocantinense.com.br\/index.php?rest_route=\/wp\/v2\/types\/post"}],"author":[{"embeddable":true,"href":"https:\/\/focotocantinense.com.br\/index.php?rest_route=\/wp\/v2\/users\/5"}],"replies":[{"embeddable":true,"href":"https:\/\/focotocantinense.com.br\/index.php?rest_route=%2Fwp%2Fv2%2Fcomments&post=5537"}],"version-history":[{"count":4,"href":"https:\/\/focotocantinense.com.br\/index.php?rest_route=\/wp\/v2\/posts\/5537\/revisions"}],"predecessor-version":[{"id":5545,"href":"https:\/\/focotocantinense.com.br\/index.php?rest_route=\/wp\/v2\/posts\/5537\/revisions\/5545"}],"wp:featuredmedia":[{"embeddable":true,"href":"https:\/\/focotocantinense.com.br\/index.php?rest_route=\/wp\/v2\/media\/5538"}],"wp:attachment":[{"href":"https:\/\/focotocantinense.com.br\/index.php?rest_route=%2Fwp%2Fv2%2Fmedia&parent=5537"}],"wp:term":[{"taxonomy":"category","embeddable":true,"href":"https:\/\/focotocantinense.com.br\/index.php?rest_route=%2Fwp%2Fv2%2Fcategories&post=5537"},{"taxonomy":"post_tag","embeddable":true,"href":"https:\/\/focotocantinense.com.br\/index.php?rest_route=%2Fwp%2Fv2%2Ftags&post=5537"}],"curies":[{"name":"wp","href":"https:\/\/api.w.org\/{rel}","templated":true}]}}