{"id":5532,"date":"2023-08-01T16:43:59","date_gmt":"2023-08-01T19:43:59","guid":{"rendered":"https:\/\/focotocantinense.com.br\/?p=5532"},"modified":"2023-08-01T16:44:38","modified_gmt":"2023-08-01T19:44:38","slug":"deputado-antonio-andrade-e-indicado-ao-premio-congresso-em-foco","status":"publish","type":"post","link":"https:\/\/focotocantinense.com.br\/?p=5532","title":{"rendered":"Deputado Antonio Andrade \u00e9 indicado ao pr\u00eamio Congresso em Foco"},"content":{"rendered":"\n<p><\/p>\n\n\n\n<p>Reconhecimento do trabalho parlamentar destaca o comprometimento e a atua\u00e7\u00e3o do Deputado em Bras\u00edlia<\/p>\n\n\n\n<p>O Deputado Federal Antonio Andrade (Republicanos), representante do estado de Tocantins no Congresso Nacional, recebeu uma importante indica\u00e7\u00e3o ao pr\u00eamio Congresso em Foco, em reconhecimento \u00e0 sua destacada atua\u00e7\u00e3o no cen\u00e1rio pol\u00edtico nacional.<\/p>\n\n\n\n<p>A indica\u00e7\u00e3o refor\u00e7a o comprometimento e a dedica\u00e7\u00e3o do parlamentar em favor de pautas relevantes para o desenvolvimento do pa\u00eds e a melhoria da qualidade de vida dos cidad\u00e3os.<\/p>\n\n\n\n<p>A premia\u00e7\u00e3o, promovida anualmente pelo Congresso em Foco, \u00e9 considerada uma das mais prestigiosas entre os pol\u00edticos e tem como objetivo reconhecer aqueles que se destacaram por seu trabalho e transpar\u00eancia em suas a\u00e7\u00f5es parlamentares.<\/p>\n\n\n\n<figure class=\"wp-block-image size-full is-resized\"><img loading=\"lazy\" decoding=\"async\" src=\"https:\/\/focotocantinense.com.br\/wp-content\/uploads\/2023\/08\/9c1b3fbd-4937-440b-ab93-53621be5daf1.jpg\" alt=\"\" class=\"wp-image-5533\" width=\"399\" height=\"310\" srcset=\"https:\/\/focotocantinense.com.br\/wp-content\/uploads\/2023\/08\/9c1b3fbd-4937-440b-ab93-53621be5daf1.jpg 900w, https:\/\/focotocantinense.com.br\/wp-content\/uploads\/2023\/08\/9c1b3fbd-4937-440b-ab93-53621be5daf1-300x233.jpg 300w, https:\/\/focotocantinense.com.br\/wp-content\/uploads\/2023\/08\/9c1b3fbd-4937-440b-ab93-53621be5daf1-768x596.jpg 768w\" sizes=\"auto, (max-width: 399px) 100vw, 399px\" \/><\/figure>\n\n\n\n<p>O deputado figura entre os selecionados e disputar\u00e1 o pr\u00eamio na categoria \u2018Melhores Deputados do Brasil\u2019, refor\u00e7ando o seu destaque no cen\u00e1rio pol\u00edtico brasileiro.<\/p>\n\n\n\n<p>O parlamentar tem se dedicado a defender os interesses da popula\u00e7\u00e3o do Tocantins e do pa\u00eds como um todo. Suas a\u00e7\u00f5es t\u00eam abrangido \u00e1reas como sa\u00fade, educa\u00e7\u00e3o e desenvolvimento econ\u00f4mico, sempre pautado pela \u00e9tica e compromisso com a sociedade.<\/p>\n\n\n\n<p>Em suas redes sociais, Andrade expressou sua satisfa\u00e7\u00e3o com a indica\u00e7\u00e3o ao pr\u00eamio: &#8220;Esse \u00e9 um grande indicativo de que nosso esfor\u00e7o di\u00e1rio est\u00e1 sendo reconhecido e dando resultados positivos para o Tocantins e o Brasil&#8221;.<\/p>\n\n\n\n<p>A sele\u00e7\u00e3o ser\u00e1 feita entre 7 e 31 de agosto pelo site do Congresso em Foco, mas os nomes dos parlamentares premiados ser\u00e3o divulgados apenas em 21 de setembro.<\/p>\n\n\n\n<figure class=\"wp-block-image size-full is-resized\"><img loading=\"lazy\" decoding=\"async\" src=\"https:\/\/focotocantinense.com.br\/wp-content\/uploads\/2023\/07\/VINI-4.jpg\" alt=\"\" class=\"wp-image-5491\" width=\"833\" height=\"251\" srcset=\"https:\/\/focotocantinense.com.br\/wp-content\/uploads\/2023\/07\/VINI-4.jpg 640w, https:\/\/focotocantinense.com.br\/wp-content\/uploads\/2023\/07\/VINI-4-300x90.jpg 300w\" sizes=\"auto, (max-width: 833px) 100vw, 833px\" \/><\/figure>\n","protected":false},"excerpt":{"rendered":"<p>Reconhecimento do trabalho parlamentar destaca o comprometimento e a atua\u00e7\u00e3o do Deputado em Bras\u00edlia O Deputado Federal Antonio Andrade (Republicanos), representante do estado de Tocantins no Congresso Nacional, recebeu uma importante indica\u00e7\u00e3o ao pr\u00eamio Congresso em Foco, em reconhecimento \u00e0 sua destacada atua\u00e7\u00e3o no cen\u00e1rio pol\u00edtico nacional. A indica\u00e7\u00e3o refor\u00e7a o comprometimento e a dedica\u00e7\u00e3o &hellip;<\/p>\n","protected":false},"author":5,"featured_media":5533,"comment_status":"open","ping_status":"open","sticky":false,"template":"","format":"standard","meta":{"footnotes":""},"categories":[40],"tags":[],"class_list":["post-5532","post","type-post","status-publish","format-standard","has-post-thumbnail","","category-politica"],"_links":{"self":[{"href":"https:\/\/focotocantinense.com.br\/index.php?rest_route=\/wp\/v2\/posts\/5532","targetHints":{"allow":["GET"]}}],"collection":[{"href":"https:\/\/focotocantinense.com.br\/index.php?rest_route=\/wp\/v2\/posts"}],"about":[{"href":"https:\/\/focotocantinense.com.br\/index.php?rest_route=\/wp\/v2\/types\/post"}],"author":[{"embeddable":true,"href":"https:\/\/focotocantinense.com.br\/index.php?rest_route=\/wp\/v2\/users\/5"}],"replies":[{"embeddable":true,"href":"https:\/\/focotocantinense.com.br\/index.php?rest_route=%2Fwp%2Fv2%2Fcomments&post=5532"}],"version-history":[{"count":2,"href":"https:\/\/focotocantinense.com.br\/index.php?rest_route=\/wp\/v2\/posts\/5532\/revisions"}],"predecessor-version":[{"id":5536,"href":"https:\/\/focotocantinense.com.br\/index.php?rest_route=\/wp\/v2\/posts\/5532\/revisions\/5536"}],"wp:featuredmedia":[{"embeddable":true,"href":"https:\/\/focotocantinense.com.br\/index.php?rest_route=\/wp\/v2\/media\/5533"}],"wp:attachment":[{"href":"https:\/\/focotocantinense.com.br\/index.php?rest_route=%2Fwp%2Fv2%2Fmedia&parent=5532"}],"wp:term":[{"taxonomy":"category","embeddable":true,"href":"https:\/\/focotocantinense.com.br\/index.php?rest_route=%2Fwp%2Fv2%2Fcategories&post=5532"},{"taxonomy":"post_tag","embeddable":true,"href":"https:\/\/focotocantinense.com.br\/index.php?rest_route=%2Fwp%2Fv2%2Ftags&post=5532"}],"curies":[{"name":"wp","href":"https:\/\/api.w.org\/{rel}","templated":true}]}}