{"id":5527,"date":"2023-08-01T16:26:47","date_gmt":"2023-08-01T19:26:47","guid":{"rendered":"https:\/\/focotocantinense.com.br\/?p=5527"},"modified":"2023-08-01T16:27:11","modified_gmt":"2023-08-01T19:27:11","slug":"por-todo-tocantins-deputado-gutierres-torquato-percorre-o-estado-e-visita-praias-do-tocantins","status":"publish","type":"post","link":"https:\/\/focotocantinense.com.br\/?p=5527","title":{"rendered":"Por Todo Tocantins: Deputado Gutierres Torquato percorre o Estado e visita praias do Tocantins"},"content":{"rendered":"\n<p>O m\u00eas de julho \u00e9 conhecido pelo ver\u00e3o tocantinense e a agenda do deputado Gutierres Torquato foi marcada pelas visitas a importantes praias do Estado.<\/p>\n\n\n\n<p>No dia 21 de julho, o deputado Gutierres foi a Pedro Afonso e prestigiou a programa\u00e7\u00e3o dessa importante praia do centro-norte do estado, onde aproveitou para assistir ao show do tocantinense Evoney Fernandes, sucesso em todo o Brasil. No dia seguinte, 22 de julho, foi a praia do Croa, no sul do estado.&nbsp;<\/p>\n\n\n\n<p>\u201cAs praias do Tocantins, al\u00e9m de proporcionar lazer e descanso movimentam a economia do nosso estado. Devemos sempre incentivar o turismo\u201d, destacou o deputado Gutierres. Para encerrar o final de semana movimentado, o deputado foi a praia do Peixe, uma das mais importantes praias do Tocantins, localizada na regi\u00e3o sul. Que tinha como atra\u00e7\u00e3o no domingo, 23, o show da conceituada banda nacional Chicelete com Banana.<\/p>\n\n\n\n<figure class=\"wp-block-image size-full is-resized\"><img loading=\"lazy\" decoding=\"async\" src=\"https:\/\/focotocantinense.com.br\/wp-content\/uploads\/2023\/08\/bb.jpg\" alt=\"\" class=\"wp-image-5528\" width=\"395\" height=\"345\" srcset=\"https:\/\/focotocantinense.com.br\/wp-content\/uploads\/2023\/08\/bb.jpg 560w, https:\/\/focotocantinense.com.br\/wp-content\/uploads\/2023\/08\/bb-300x262.jpg 300w\" sizes=\"auto, (max-width: 395px) 100vw, 395px\" \/><\/figure>\n\n\n\n<figure class=\"wp-block-image is-resized\"><img loading=\"lazy\" decoding=\"async\" src=\"http:\/\/n1to.com.br\/img\/uploads\/VINI_128.jpg\" alt=\"\" width=\"840\" height=\"253\"\/><\/figure>\n","protected":false},"excerpt":{"rendered":"<p>O m\u00eas de julho \u00e9 conhecido pelo ver\u00e3o tocantinense e a agenda do deputado Gutierres Torquato foi marcada pelas visitas a importantes praias do Estado. No dia 21 de julho, o deputado Gutierres foi a Pedro Afonso e prestigiou a programa\u00e7\u00e3o dessa importante praia do centro-norte do estado, onde aproveitou para assistir ao show do &hellip;<\/p>\n","protected":false},"author":5,"featured_media":5528,"comment_status":"open","ping_status":"open","sticky":false,"template":"","format":"standard","meta":{"footnotes":""},"categories":[40],"tags":[],"class_list":["post-5527","post","type-post","status-publish","format-standard","has-post-thumbnail","","category-politica"],"_links":{"self":[{"href":"https:\/\/focotocantinense.com.br\/index.php?rest_route=\/wp\/v2\/posts\/5527","targetHints":{"allow":["GET"]}}],"collection":[{"href":"https:\/\/focotocantinense.com.br\/index.php?rest_route=\/wp\/v2\/posts"}],"about":[{"href":"https:\/\/focotocantinense.com.br\/index.php?rest_route=\/wp\/v2\/types\/post"}],"author":[{"embeddable":true,"href":"https:\/\/focotocantinense.com.br\/index.php?rest_route=\/wp\/v2\/users\/5"}],"replies":[{"embeddable":true,"href":"https:\/\/focotocantinense.com.br\/index.php?rest_route=%2Fwp%2Fv2%2Fcomments&post=5527"}],"version-history":[{"count":2,"href":"https:\/\/focotocantinense.com.br\/index.php?rest_route=\/wp\/v2\/posts\/5527\/revisions"}],"predecessor-version":[{"id":5531,"href":"https:\/\/focotocantinense.com.br\/index.php?rest_route=\/wp\/v2\/posts\/5527\/revisions\/5531"}],"wp:featuredmedia":[{"embeddable":true,"href":"https:\/\/focotocantinense.com.br\/index.php?rest_route=\/wp\/v2\/media\/5528"}],"wp:attachment":[{"href":"https:\/\/focotocantinense.com.br\/index.php?rest_route=%2Fwp%2Fv2%2Fmedia&parent=5527"}],"wp:term":[{"taxonomy":"category","embeddable":true,"href":"https:\/\/focotocantinense.com.br\/index.php?rest_route=%2Fwp%2Fv2%2Fcategories&post=5527"},{"taxonomy":"post_tag","embeddable":true,"href":"https:\/\/focotocantinense.com.br\/index.php?rest_route=%2Fwp%2Fv2%2Ftags&post=5527"}],"curies":[{"name":"wp","href":"https:\/\/api.w.org\/{rel}","templated":true}]}}