{"id":5523,"date":"2023-07-31T18:42:27","date_gmt":"2023-07-31T21:42:27","guid":{"rendered":"https:\/\/focotocantinense.com.br\/?p=5523"},"modified":"2023-07-31T18:43:05","modified_gmt":"2023-07-31T21:43:05","slug":"laena-brito-e-empossada-chefe-da-unidade-do-incra-de-gurupi","status":"publish","type":"post","link":"https:\/\/focotocantinense.com.br\/?p=5523","title":{"rendered":"Laena Brito \u00e9 empossada chefe da unidade do Incra de Gurupi"},"content":{"rendered":"\n<p>\u201cPaix\u00e3o por fazer e ver acontecer\u201d, assim Laena Brito resumiu sua fala durante a cerim\u00f4nia de posse para a Chefia da Unidade Avan\u00e7ada do INCRA em Gurupi, que aconteceu na tarde desta segunda-feira, 31, em Gurupi, e a nova chefe destacou a import\u00e2ncia do fortalecimento do \u00f3rg\u00e3o no sentido de garantir a implementa\u00e7\u00e3o da pol\u00edtica de Reforma Agr\u00e1ria e da realiza\u00e7\u00e3o do Ordenamento Fundi\u00e1rio.<\/p>\n\n\n\n<p>\u201cPrecisamos que essa pol\u00edtica chegue \u00e0s pessoas certas e a gente sabe que \u00e9 delicado, e estamos aqui para priorizar o povo em uma a\u00e7\u00e3o voltada para quem realmente precisa e com o governo federal trabalhando em favor, vamos lutar para fazer acontecer\u201d, destacou Laena.<\/p>\n\n\n\n<figure class=\"wp-block-image size-full is-resized\"><img loading=\"lazy\" decoding=\"async\" src=\"https:\/\/focotocantinense.com.br\/wp-content\/uploads\/2023\/07\/AAAA-1.jpg\" alt=\"\" class=\"wp-image-5524\" width=\"410\" height=\"236\" srcset=\"https:\/\/focotocantinense.com.br\/wp-content\/uploads\/2023\/07\/AAAA-1.jpg 886w, https:\/\/focotocantinense.com.br\/wp-content\/uploads\/2023\/07\/AAAA-1-300x173.jpg 300w, https:\/\/focotocantinense.com.br\/wp-content\/uploads\/2023\/07\/AAAA-1-768x443.jpg 768w\" sizes=\"auto, (max-width: 410px) 100vw, 410px\" \/><\/figure>\n\n\n\n<p>Ela lembrou que \u201cnos \u00faltimos anos a pol\u00edtica governamental agiu no sentido de deslegitimar a reforma agr\u00e1ria no pa\u00eds, mas hoje, com o presidente Lula e um governo disposto a trabalhar pelo povo trabalhador, apesar do desafio ser grande, pelo desmonte anterior, \u00e9 hora de todo empenho para retomarmos e efetivarmos as pol\u00edticas, que d\u00eaem \u00e0 terra a sua verdadeira fun\u00e7\u00e3o social\u201d.<\/p>\n\n\n\n<p>O evento de posse, que aconteceu na unidade do INCRA em Gurupi, contou com a presen\u00e7a da prefeita Josi Nunes, do Superintendente do INCRA no Tocantins, Edmundo Rodrigues, servidores, militantes do Partido dos Trabalhadores e a comunidade em geral, que prestigiou a atividade.&nbsp;<\/p>\n\n\n\n<figure class=\"wp-block-image is-resized\"><img loading=\"lazy\" decoding=\"async\" src=\"http:\/\/n1to.com.br\/img\/uploads\/VINI_126.jpg\" alt=\"\" width=\"837\" height=\"252\"\/><\/figure>\n","protected":false},"excerpt":{"rendered":"<p>\u201cPaix\u00e3o por fazer e ver acontecer\u201d, assim Laena Brito resumiu sua fala durante a cerim\u00f4nia de posse para a Chefia da Unidade Avan\u00e7ada do INCRA em Gurupi, que aconteceu na tarde desta segunda-feira, 31, em Gurupi, e a nova chefe destacou a import\u00e2ncia do fortalecimento do \u00f3rg\u00e3o no sentido de garantir a implementa\u00e7\u00e3o da pol\u00edtica &hellip;<\/p>\n","protected":false},"author":5,"featured_media":5524,"comment_status":"open","ping_status":"open","sticky":false,"template":"","format":"standard","meta":{"footnotes":""},"categories":[38],"tags":[],"class_list":["post-5523","post","type-post","status-publish","format-standard","has-post-thumbnail","","category-gurupi"],"_links":{"self":[{"href":"https:\/\/focotocantinense.com.br\/index.php?rest_route=\/wp\/v2\/posts\/5523","targetHints":{"allow":["GET"]}}],"collection":[{"href":"https:\/\/focotocantinense.com.br\/index.php?rest_route=\/wp\/v2\/posts"}],"about":[{"href":"https:\/\/focotocantinense.com.br\/index.php?rest_route=\/wp\/v2\/types\/post"}],"author":[{"embeddable":true,"href":"https:\/\/focotocantinense.com.br\/index.php?rest_route=\/wp\/v2\/users\/5"}],"replies":[{"embeddable":true,"href":"https:\/\/focotocantinense.com.br\/index.php?rest_route=%2Fwp%2Fv2%2Fcomments&post=5523"}],"version-history":[{"count":2,"href":"https:\/\/focotocantinense.com.br\/index.php?rest_route=\/wp\/v2\/posts\/5523\/revisions"}],"predecessor-version":[{"id":5526,"href":"https:\/\/focotocantinense.com.br\/index.php?rest_route=\/wp\/v2\/posts\/5523\/revisions\/5526"}],"wp:featuredmedia":[{"embeddable":true,"href":"https:\/\/focotocantinense.com.br\/index.php?rest_route=\/wp\/v2\/media\/5524"}],"wp:attachment":[{"href":"https:\/\/focotocantinense.com.br\/index.php?rest_route=%2Fwp%2Fv2%2Fmedia&parent=5523"}],"wp:term":[{"taxonomy":"category","embeddable":true,"href":"https:\/\/focotocantinense.com.br\/index.php?rest_route=%2Fwp%2Fv2%2Fcategories&post=5523"},{"taxonomy":"post_tag","embeddable":true,"href":"https:\/\/focotocantinense.com.br\/index.php?rest_route=%2Fwp%2Fv2%2Ftags&post=5523"}],"curies":[{"name":"wp","href":"https:\/\/api.w.org\/{rel}","templated":true}]}}