{"id":5517,"date":"2023-07-26T12:38:13","date_gmt":"2023-07-26T15:38:13","guid":{"rendered":"https:\/\/focotocantinense.com.br\/?p=5517"},"modified":"2023-07-26T12:38:13","modified_gmt":"2023-07-26T15:38:13","slug":"cleber-toledo-lanca-dia-17-na-leitura-no-capim-dourado-seu-novo-livro-a-noiva-e-outros-contos-politicos","status":"publish","type":"post","link":"https:\/\/focotocantinense.com.br\/?p=5517","title":{"rendered":"Cleber Toledo lan\u00e7a dia 17, na Leitura, no Capim Dourado, seu novo livro, \u201cA noiva e outros contos pol\u00edticos\u201d"},"content":{"rendered":"\n<p><strong>Por Zacarias Martins<\/strong><\/p>\n\n\n\n<p>O jornalista e escritor Cleber Toledo, diretor executivo da\u00a0<strong>Coluna do CT<\/strong>, lan\u00e7ar\u00e1 no dia 17 de agosto seu novo livro, \u201c<strong><em>A noiva e outros contos pol\u00edticos<\/em><\/strong>\u201d (Editora Veloso). O lan\u00e7amento ser\u00e1 realizado na livraria Leitura, no Capim Dourado Shopping. Toledo estar\u00e1 assinando os exemplares das 19 \u00e0s 22 horas.<\/p>\n\n\n\n<p>Ele contou ter retomado seu trabalho liter\u00e1rio em 2015, ap\u00f3s 20 anos do lan\u00e7amento de seus primeiros textos, com o livreto \u201c<strong><em>Contos que te cont<\/em>o<\/strong>\u201d (1995). \u201cIngressei no jornalismo com a inten\u00e7\u00e3o de ser escritor, mas acabei deixando a literatura em\u00a0<em>stand by<\/em>\u00a0por duas d\u00e9cadas\u201d, afirmou. Para a constru\u00e7\u00e3o de \u201c<strong><em>A noiva e outros contos pol\u00edticos<\/em><\/strong>\u201d foram oito anos de trabalho para lapidar o estilo, dos quais cinco anos somente nesses 20 textos que comp\u00f5em a obra, nos quais o autor busca refletir sobre a rela\u00e7\u00e3o pol\u00edtica nas mais diversas situa\u00e7\u00f5es.<\/p>\n\n\n\n<p><strong>REFLEX\u00c3O SOBRE A PR\u00c1TICA POL\u00cdTICA<\/strong><\/p>\n\n\n\n<p>O escritor afirmou que no novo livro as pessoas v\u00e3o encontrar uma reflex\u00e3o sobre a pr\u00e1tica pol\u00edtica em diversos contextos e situa\u00e7\u00f5es. \u201cTenho dito que n\u00e3o \u00e9 uma apologia da n\u00e3o-pol\u00edtica, que nos jogou no buraco dos \u00faltimos quatro anos, mas antes uma reflex\u00e3o sobre a pr\u00e1tica pol\u00edtica mais tradicional, marcada pelo clientelismo, pelo patrimonialismo, a pol\u00edtica simplesmente, como muitas vezes ocorre, como mero neg\u00f3cio de ambos os lados, do eleitor e do pol\u00edtico\u201d, explicou Toledo.<\/p>\n\n\n\n<p>Para ele, h\u00e1 outro caminho poss\u00edvel para uma pol\u00edtica que possa contribuir para o desenvolvimento humano e social, em que a cidadania, o interesse p\u00fablico e a redu\u00e7\u00e3o das desigualdades sejam o foco.<\/p>\n\n\n\n<p><strong>NARRADOR DE M\u00c3O CHEIA<\/strong><\/p>\n\n\n\n<p>No pref\u00e1cio do livro, o professor Pedro Albeirice da Rocha, doutor em literatura e professor do campus de Aragua\u00edna da Universidade Federal do Norte do Tocantins (UFNT), avalia que o trabalho de Toledo como jornalista o credenciou \u201ca ser uma refer\u00eancia no colunismo de nosso Estado\u201d. \u201cO que eu n\u00e3o sabia (descobri n\u00e3o faz muito tempo) \u00e9 que ele \u00e9 um narrador de m\u00e3o cheia\u201d, surpreende-se o especialista. \u201cTenho, h\u00e1 cerca de tr\u00eas anos, o privil\u00e9gio de ler e opinar sobre o trabalho de fic\u00e7\u00e3o curta de Cleber Toledo e, a cada conto, vou tecendo dentro de mim a certeza de que estamos diante de um conhecedor da arte de narrar.\u201d<\/p>\n\n\n\n<p><strong>PERFIL DO AUTOR<\/strong><\/p>\n\n\n\n<p>Jornalista desde 1992, Cleber Toledo \u00e9 formado em Comunica\u00e7\u00e3o Social \u2013 Habilita\u00e7\u00e3o Jornalismo pela Universidade do Oeste Paulista (Unoeste), de Presidente Prudente (SP), onde tamb\u00e9m lecionou. J\u00e1 atuou em jornais do Paran\u00e1, S\u00e3o Paulo e Tocantins, exercendo as principais fun\u00e7\u00f5es. No Tocantins, foi professor do curso de Publicidade e Propaganda das faculdades Objetivo. De 2003 a 2005 lecionou no Centro Universit\u00e1rio Luterano de Palmas (Ceulp\/Ulbra), nos cursos de Jornalismo e Publicidade e Propaganda.<\/p>\n\n\n\n<p>Em 12 de mar\u00e7o de 2005, criou o blog Clebertoledo.com.br, que originou a atual&nbsp;<strong>Coluna do CT<\/strong>. No dia 16 de dezembro de 2009, Cleber Toledo recebeu, da Assembleia Legislativa, o t\u00edtulo de Cidad\u00e3o Tocantinense; no dia 10 de setembro de 2010, a medalha Pedro Ludovico Teixeira, a mais alta comenda da Assembleia Legislativa de Goi\u00e1s; e, no dia 26 de abril de 2019, o t\u00edtulo de Cidad\u00e3o Gurupiense, concedido pela C\u00e2mara de Gurupi.<\/p>\n\n\n\n<p>\u00c9 autor de \u201cContos que te conto\u201d (1995) e \u201c2018 \u2013 crise fiscal, pol\u00edtica e 3 elei\u00e7\u00f5es\u201d (Editora Veloso, 2020), lan\u00e7ado em novembro de 2020. Ainda participou com contos do \u201cAnu\u00e1rio de Escritores e Poetas do Tocantins (Editora Veloso, 2021 e 2022).<\/p>\n\n\n\n<p>Confira em primeira m\u00e3o um trecho do conto \u201cA noiva\u201d, que d\u00e1 nome ao livro:<\/p>\n\n\n\n<p><em>\u201cOlhares curiosos, pensamentos profusos, sussurros impr\u00f3prios, risos maliciosos e acenos servis e refolhados. Em meio \u00e0 tormenta, deslizou num pisar vagaroso e silente sobre o carpete azul-anil. Interrompeu o andar e cumprimentou, num crispar nervoso da m\u00e3o e olhar fuzilante, o secret\u00e1rio de Estado que ouviu claramente dizer \u2018sempre querendo parecer mais importante\u2019. Deu um abra\u00e7o mel\u00edfluo na prefeita interiorana que aproveitou sua aproxima\u00e7\u00e3o e agradeceu a emenda parlamentar para a creche que a cidade tanto clamava.<br><br>Atravessou o corredor em busca do ex-prefeito camuflado atr\u00e1s das cabe\u00e7as. Sumido desde a trai\u00e7\u00e3o da \u00faltima campanha eleitoral. Saudou o sorridente assessor de prefeitura na primeira cadeira, lan\u00e7ou um meigo olhar para o encorpado advogado ao lado e puxou num terno abra\u00e7o o assustado infiel, que, sem rea\u00e7\u00e3o, tremeu ao cicio: \u2018Nos reencontraremos por a\u00ed\u2019\u201d.<\/em><\/p>\n\n\n\n<p><\/p>\n\n\n\n<figure class=\"wp-block-image size-full\"><img loading=\"lazy\" decoding=\"async\" width=\"1024\" height=\"768\" src=\"https:\/\/focotocantinense.com.br\/wp-content\/uploads\/2023\/07\/aaa-16.jpg\" alt=\"\" class=\"wp-image-5519\" srcset=\"https:\/\/focotocantinense.com.br\/wp-content\/uploads\/2023\/07\/aaa-16.jpg 1024w, https:\/\/focotocantinense.com.br\/wp-content\/uploads\/2023\/07\/aaa-16-300x225.jpg 300w, https:\/\/focotocantinense.com.br\/wp-content\/uploads\/2023\/07\/aaa-16-768x576.jpg 768w\" sizes=\"auto, (max-width: 1024px) 100vw, 1024px\" \/><\/figure>\n\n\n\n<figure class=\"wp-block-image is-resized\"><img loading=\"lazy\" decoding=\"async\" src=\"http:\/\/n1to.com.br\/img\/uploads\/VINI_119.jpg\" alt=\"\" width=\"839\" height=\"253\"\/><\/figure>\n","protected":false},"excerpt":{"rendered":"<p>Por Zacarias Martins O jornalista e escritor Cleber Toledo, diretor executivo da\u00a0Coluna do CT, lan\u00e7ar\u00e1 no dia 17 de agosto seu novo livro, \u201cA noiva e outros contos pol\u00edticos\u201d (Editora Veloso). O lan\u00e7amento ser\u00e1 realizado na livraria Leitura, no Capim Dourado Shopping. Toledo estar\u00e1 assinando os exemplares das 19 \u00e0s 22 horas. Ele contou ter &hellip;<\/p>\n","protected":false},"author":5,"featured_media":5518,"comment_status":"open","ping_status":"open","sticky":false,"template":"","format":"standard","meta":{"footnotes":""},"categories":[104],"tags":[],"class_list":["post-5517","post","type-post","status-publish","format-standard","has-post-thumbnail","","category-cultura"],"_links":{"self":[{"href":"https:\/\/focotocantinense.com.br\/index.php?rest_route=\/wp\/v2\/posts\/5517","targetHints":{"allow":["GET"]}}],"collection":[{"href":"https:\/\/focotocantinense.com.br\/index.php?rest_route=\/wp\/v2\/posts"}],"about":[{"href":"https:\/\/focotocantinense.com.br\/index.php?rest_route=\/wp\/v2\/types\/post"}],"author":[{"embeddable":true,"href":"https:\/\/focotocantinense.com.br\/index.php?rest_route=\/wp\/v2\/users\/5"}],"replies":[{"embeddable":true,"href":"https:\/\/focotocantinense.com.br\/index.php?rest_route=%2Fwp%2Fv2%2Fcomments&post=5517"}],"version-history":[{"count":1,"href":"https:\/\/focotocantinense.com.br\/index.php?rest_route=\/wp\/v2\/posts\/5517\/revisions"}],"predecessor-version":[{"id":5520,"href":"https:\/\/focotocantinense.com.br\/index.php?rest_route=\/wp\/v2\/posts\/5517\/revisions\/5520"}],"wp:featuredmedia":[{"embeddable":true,"href":"https:\/\/focotocantinense.com.br\/index.php?rest_route=\/wp\/v2\/media\/5518"}],"wp:attachment":[{"href":"https:\/\/focotocantinense.com.br\/index.php?rest_route=%2Fwp%2Fv2%2Fmedia&parent=5517"}],"wp:term":[{"taxonomy":"category","embeddable":true,"href":"https:\/\/focotocantinense.com.br\/index.php?rest_route=%2Fwp%2Fv2%2Fcategories&post=5517"},{"taxonomy":"post_tag","embeddable":true,"href":"https:\/\/focotocantinense.com.br\/index.php?rest_route=%2Fwp%2Fv2%2Ftags&post=5517"}],"curies":[{"name":"wp","href":"https:\/\/api.w.org\/{rel}","templated":true}]}}