{"id":5499,"date":"2023-07-21T19:36:48","date_gmt":"2023-07-21T22:36:48","guid":{"rendered":"https:\/\/focotocantinense.com.br\/?p=5499"},"modified":"2023-07-21T19:51:41","modified_gmt":"2023-07-21T22:51:41","slug":"5499","status":"publish","type":"post","link":"https:\/\/focotocantinense.com.br\/?p=5499","title":{"rendered":"Poeta Zacarias Martins \u00e9 um dos destaques no IX Anu\u00e1rio da Poesia Paraense &#8211; 2023"},"content":{"rendered":"\n<figure class=\"wp-block-image size-full\"><img loading=\"lazy\" decoding=\"async\" width=\"397\" height=\"627\" src=\"https:\/\/focotocantinense.com.br\/wp-content\/uploads\/2023\/07\/ccc-2.jpg\" alt=\"\" class=\"wp-image-5506\" srcset=\"https:\/\/focotocantinense.com.br\/wp-content\/uploads\/2023\/07\/ccc-2.jpg 397w, https:\/\/focotocantinense.com.br\/wp-content\/uploads\/2023\/07\/ccc-2-190x300.jpg 190w\" sizes=\"auto, (max-width: 397px) 100vw, 397px\" \/><\/figure>\n\n\n\n<p><strong>&nbsp;Por Leandro Lemos<\/strong><\/p>\n\n\n\n<p>Um dos mais destacados poetas contempor\u00e2neos do estado, o paraense Zacarias Martins, residente no Tocantins desde 1983, &nbsp;teve textos selecionados&nbsp; para o&nbsp;IX Anu\u00e1rio da Poesia Paraense -2023, organizado pelo consagrado poeta Airton Souza, de Marab\u00e1 (PA), e publicado pela Arca Editora. A obra&nbsp; foi&nbsp; pelo edital de fomento do&nbsp;Projeto Jornada Sociocultural 50+50 da Transamaz\u00f4nica e BR 163. Zacarias Martins se faz presente nessa obra, juntamente com mais de 70 importantes nomes da poesia paraense&nbsp; contempor\u00e2nea.<\/p>\n\n\n\n<p>&nbsp;\u201cN\u00e3o h\u00e1 d\u00favida de que por mais \u00edntimas que sejam as po\u00e9ticas presentes nesta antologia elas alimentam os sentidos e as representa\u00e7\u00f5es das hist\u00f3rias, formando um tecido que vai al\u00e9m da perssoalidade&#8221;,&nbsp; afirma o organizador da obra, Airton Souza.<\/p>\n\n\n\n<p><strong>Orgulho de participar da obra<\/strong><\/p>\n\n\n\n<p>J\u00e1 o poeta Zacarias Martins, que&nbsp; integra os quadros da Academia Tocantinense (ATL), da Academia de Letras de Aragua\u00edna&nbsp; (Acalanto), dentre outras,&nbsp; e \u00e9 uma das principais refer\u00eancias da literatura contempor\u00e2nea no Tocantins,&nbsp; fala com orgulho em participar, mais uma vez, dessa obra de refer\u00eancia da poesia paraense: \u201cMesmo morando h\u00e1 muitos anos aqui no Tocantins, jamais esqueci das minhas ra\u00edzes culturais. E participar de uma obra dessa magnitude, organizada pelo Airton Souza s\u00f3 vem enriquecer ainda mais o meu curr\u00edculo liter\u00e1rio e me permitir mostrar tamb\u00e9m, um pouco do&nbsp;&nbsp; meu potencial liter\u00e1rio\u201d, frisou<\/p>\n\n\n\n<p>Zacarias Martins destaca, ainda, que a iniciativa do Anu\u00e1rio vem se ampliando a cada ano, sendo que a edi\u00e7\u00e3o deste ano ganha um significado impulso ao conseguir a proeza de trazer as vozes po\u00e9ticas de um expressivo n\u00famero de importantes participantes.<\/p>\n\n\n\n<p><strong>Sobre o autor<\/strong><\/p>\n\n\n\n<p>Zacarias Martins \u00e9 jornalista profissional e escritor premiado. Autor de seis livros de poesias e um de cr\u00f4nicas, <strong><em>\u201cHist\u00f3rias da Hist\u00f3ria de Gurup<\/em><\/strong>i\u201d, que foi adotado por duas vezes no vestibular da Universidade de Gurupi \u2013 UnirG. Tem participa\u00e7\u00e3o em mais de 50 antologias liter\u00e1rias pelo pa\u00eds \u00e0 fora. Em 2022, lan\u00e7ou o seu primeiro livro para o p\u00fablico infantil: \u201c<strong><em>As Aventuras de Gurupito<\/em><\/strong>\u201d, edi\u00e7\u00e3o da Editora Veloso.<\/p>\n\n\n\n<figure class=\"wp-block-image size-large\"><img loading=\"lazy\" decoding=\"async\" width=\"1024\" height=\"576\" src=\"https:\/\/focotocantinense.com.br\/wp-content\/uploads\/2023\/07\/2-ZACARIAS-MARTINS-NO-ANUARIO-DA-POESIA-PARAENSE-2023-FOTO-ELIOSMAR-VELOSO-1024x576.jpg\" alt=\"\" class=\"wp-image-5494\" srcset=\"https:\/\/focotocantinense.com.br\/wp-content\/uploads\/2023\/07\/2-ZACARIAS-MARTINS-NO-ANUARIO-DA-POESIA-PARAENSE-2023-FOTO-ELIOSMAR-VELOSO-1024x576.jpg 1024w, https:\/\/focotocantinense.com.br\/wp-content\/uploads\/2023\/07\/2-ZACARIAS-MARTINS-NO-ANUARIO-DA-POESIA-PARAENSE-2023-FOTO-ELIOSMAR-VELOSO-300x169.jpg 300w, https:\/\/focotocantinense.com.br\/wp-content\/uploads\/2023\/07\/2-ZACARIAS-MARTINS-NO-ANUARIO-DA-POESIA-PARAENSE-2023-FOTO-ELIOSMAR-VELOSO-768x432.jpg 768w, https:\/\/focotocantinense.com.br\/wp-content\/uploads\/2023\/07\/2-ZACARIAS-MARTINS-NO-ANUARIO-DA-POESIA-PARAENSE-2023-FOTO-ELIOSMAR-VELOSO-1536x864.jpg 1536w, https:\/\/focotocantinense.com.br\/wp-content\/uploads\/2023\/07\/2-ZACARIAS-MARTINS-NO-ANUARIO-DA-POESIA-PARAENSE-2023-FOTO-ELIOSMAR-VELOSO.jpg 1599w\" sizes=\"auto, (max-width: 1024px) 100vw, 1024px\" \/><\/figure>\n\n\n\n<figure class=\"wp-block-image size-full is-resized\"><img loading=\"lazy\" decoding=\"async\" src=\"https:\/\/focotocantinense.com.br\/wp-content\/uploads\/2023\/07\/VINI-4.jpg\" alt=\"\" class=\"wp-image-5491\" width=\"843\" height=\"254\" srcset=\"https:\/\/focotocantinense.com.br\/wp-content\/uploads\/2023\/07\/VINI-4.jpg 640w, https:\/\/focotocantinense.com.br\/wp-content\/uploads\/2023\/07\/VINI-4-300x90.jpg 300w\" sizes=\"auto, (max-width: 843px) 100vw, 843px\" \/><\/figure>\n\n\n\n<p><\/p>\n","protected":false},"excerpt":{"rendered":"<p>&nbsp;Por Leandro Lemos Um dos mais destacados poetas contempor\u00e2neos do estado, o paraense Zacarias Martins, residente no Tocantins desde 1983, &nbsp;teve textos selecionados&nbsp; para o&nbsp;IX Anu\u00e1rio da Poesia Paraense -2023, organizado pelo consagrado poeta Airton Souza, de Marab\u00e1 (PA), e publicado pela Arca Editora. A obra&nbsp; foi&nbsp; pelo edital de fomento do&nbsp;Projeto Jornada Sociocultural 50+50 &hellip;<\/p>\n","protected":false},"author":5,"featured_media":5494,"comment_status":"open","ping_status":"open","sticky":false,"template":"","format":"standard","meta":{"footnotes":""},"categories":[104,38],"tags":[],"class_list":["post-5499","post","type-post","status-publish","format-standard","has-post-thumbnail","","category-cultura","category-gurupi"],"_links":{"self":[{"href":"https:\/\/focotocantinense.com.br\/index.php?rest_route=\/wp\/v2\/posts\/5499","targetHints":{"allow":["GET"]}}],"collection":[{"href":"https:\/\/focotocantinense.com.br\/index.php?rest_route=\/wp\/v2\/posts"}],"about":[{"href":"https:\/\/focotocantinense.com.br\/index.php?rest_route=\/wp\/v2\/types\/post"}],"author":[{"embeddable":true,"href":"https:\/\/focotocantinense.com.br\/index.php?rest_route=\/wp\/v2\/users\/5"}],"replies":[{"embeddable":true,"href":"https:\/\/focotocantinense.com.br\/index.php?rest_route=%2Fwp%2Fv2%2Fcomments&post=5499"}],"version-history":[{"count":9,"href":"https:\/\/focotocantinense.com.br\/index.php?rest_route=\/wp\/v2\/posts\/5499\/revisions"}],"predecessor-version":[{"id":5510,"href":"https:\/\/focotocantinense.com.br\/index.php?rest_route=\/wp\/v2\/posts\/5499\/revisions\/5510"}],"wp:featuredmedia":[{"embeddable":true,"href":"https:\/\/focotocantinense.com.br\/index.php?rest_route=\/wp\/v2\/media\/5494"}],"wp:attachment":[{"href":"https:\/\/focotocantinense.com.br\/index.php?rest_route=%2Fwp%2Fv2%2Fmedia&parent=5499"}],"wp:term":[{"taxonomy":"category","embeddable":true,"href":"https:\/\/focotocantinense.com.br\/index.php?rest_route=%2Fwp%2Fv2%2Fcategories&post=5499"},{"taxonomy":"post_tag","embeddable":true,"href":"https:\/\/focotocantinense.com.br\/index.php?rest_route=%2Fwp%2Fv2%2Ftags&post=5499"}],"curies":[{"name":"wp","href":"https:\/\/api.w.org\/{rel}","templated":true}]}}