{"id":5479,"date":"2023-07-18T18:47:22","date_gmt":"2023-07-18T21:47:22","guid":{"rendered":"https:\/\/focotocantinense.com.br\/?p=5479"},"modified":"2023-07-18T18:54:28","modified_gmt":"2023-07-18T21:54:28","slug":"o-rock-tocantinense-da-banda-piratas-de-gurupi-ganha-o-mundo","status":"publish","type":"post","link":"https:\/\/focotocantinense.com.br\/?p=5479","title":{"rendered":"O rock tocantinense da banda Piratas de Gurupi ganha o mundo"},"content":{"rendered":"\n<p>Muitos de n\u00f3s, estamos acostumados a consumir apenas bandas de rock que est\u00e3o consagradas e localizadas no grande eixo Rio-S\u00e3o Paulo. Contudo, na vastid\u00e3o brasileira h\u00e1 in\u00fameras bandas que est\u00e3o buscando seu lugar ao sol, sobretudo na regi\u00e3o norte e no Tocantins.<\/p>\n\n\n\n<figure class=\"wp-block-image size-full is-resized\"><img loading=\"lazy\" decoding=\"async\" src=\"https:\/\/focotocantinense.com.br\/wp-content\/uploads\/2023\/07\/bbb-1.jpg\" alt=\"\" class=\"wp-image-5482\" width=\"403\" height=\"354\" srcset=\"https:\/\/focotocantinense.com.br\/wp-content\/uploads\/2023\/07\/bbb-1.jpg 488w, https:\/\/focotocantinense.com.br\/wp-content\/uploads\/2023\/07\/bbb-1-300x264.jpg 300w\" sizes=\"auto, (max-width: 403px) 100vw, 403px\" \/><\/figure>\n\n\n\n<p>A banda de rock &nbsp;<strong>Piratas de Gurupi<\/strong>&nbsp;\u00e9 um exemplo. Existente desde 2006, &nbsp;tendo tocado em eventos undergrounds ao longo desses anos e, &nbsp;agora, &nbsp;est\u00e1 lan\u00e7ando seu primeiro \u00e1lbum que possui tamb\u00e9m em seu t\u00edtulo o mesmo nome.&nbsp; Nos vocais: Gustavo Teixeira, Guitarras: Fernando Fran\u00e7a e Bateria: Diogo Teixeira.&nbsp;O \u00e1lbum pode ser ouvido em todas as plataformas de \u00e1udio, como Youtube, Spotify, Deezer, Amazon Music e outras.<\/p>\n\n\n\n<p>\u201cPra gente \u00e9 uma realiza\u00e7\u00e3o, gravar algo autoral sempre foi um dilema para as pequenas bandas, principalmente na nossa regi\u00e3o que se quer temos est\u00fadios.&nbsp;Fizemos com muita ra\u00e7a e suor, doamos muito de n\u00f3s tr\u00eas para fazer acontecer. Fizemos todas as grava\u00e7\u00f5es em um home est\u00fadio caseiro e a experi\u00eancia foi de muito aprendizado e esperamos que os pr\u00f3ximos trabalhos sejam ainda melhores\u201d, ressaltou Gustavo Teixeira.<\/p>\n\n\n\n<p><strong>Piratas<\/strong>&nbsp;\u00e9 um \u00e1lbum de hard rock que combina a emo\u00e7\u00e3o do g\u00eanero musical com discuss\u00f5es pol\u00edticas relevantes para os dias atuais. As letras das m\u00fasicas abordam temas como corrup\u00e7\u00e3o, injusti\u00e7a e opress\u00e3o, criando um \u00e1lbum que \u00e9 tanto cativante quanto informativo. As guitarras poderosas e as batidas explosivas da bateria acompanham as letras intensas, criando uma atmosfera de protesto e rebeli\u00e3o que se encaixa perfeitamente no nome do \u00e1lbum.&nbsp;<strong>Piratas<\/strong>&nbsp;\u00e9 um chamado para a\u00e7\u00e3o, para aqueles que desejam mudan\u00e7as significativas em sua sociedade. Se voc\u00ea procura uma experi\u00eancia de rock aut\u00eantica e politicamente engajada, este \u00e1lbum \u00e9 para voc\u00ea. Suba a bordo e junte-se \u00e0 tripula\u00e7\u00e3o em busca de justi\u00e7a e liberdade.<\/p>\n\n\n\n<p>\u201cGravar por conta pr\u00f3pria, sem um est\u00fadio propriamente dito \u00e9 uma tarefa \u00e1rdua, voc\u00ea aprende aos trancos. Aprende errando e se corrigindo. Fizemos um bom trabalho, ao que estava no nosso alcance e ficamos muito felizes com o resultado. Esperamos que as pessoas gostem e que ou\u00e7am bastante\u201d, relatou Fernando Fran\u00e7a, guitarrista da banda.<\/p>\n\n\n\n<p>\u201c\u00c9 sem d\u00favida a publica\u00e7\u00e3o de uma vida, come\u00e7amos com essa banda muito jovens, ainda crian\u00e7as, e hoje poder lan\u00e7ar um disco, traz sentimentos que n\u00e3o conseguimos explicar\u201d, disse Diogo Teixeira.<\/p>\n\n\n\n<p>Acompanhem a Banda piratas em nossas redes sociais:\u00a0<a href=\"https:\/\/www.instagram.com\/bandapiratas\/\"><strong>@bandapiratas<\/strong><\/a><\/p>\n\n\n\n<figure class=\"wp-block-image size-full is-resized\"><img loading=\"lazy\" decoding=\"async\" src=\"https:\/\/focotocantinense.com.br\/wp-content\/uploads\/2023\/07\/AAA-13.jpg\" alt=\"\" class=\"wp-image-5480\" width=\"840\" height=\"715\" srcset=\"https:\/\/focotocantinense.com.br\/wp-content\/uploads\/2023\/07\/AAA-13.jpg 559w, https:\/\/focotocantinense.com.br\/wp-content\/uploads\/2023\/07\/AAA-13-300x255.jpg 300w\" sizes=\"auto, (max-width: 840px) 100vw, 840px\" \/><\/figure>\n\n\n\n<figure class=\"wp-block-image size-full is-resized\"><img loading=\"lazy\" decoding=\"async\" src=\"https:\/\/focotocantinense.com.br\/wp-content\/uploads\/2023\/07\/VINI-3.jpg\" alt=\"\" class=\"wp-image-5446\" width=\"839\" height=\"253\" srcset=\"https:\/\/focotocantinense.com.br\/wp-content\/uploads\/2023\/07\/VINI-3.jpg 640w, https:\/\/focotocantinense.com.br\/wp-content\/uploads\/2023\/07\/VINI-3-300x90.jpg 300w\" sizes=\"auto, (max-width: 839px) 100vw, 839px\" \/><\/figure>\n","protected":false},"excerpt":{"rendered":"<p>Muitos de n\u00f3s, estamos acostumados a consumir apenas bandas de rock que est\u00e3o consagradas e localizadas no grande eixo Rio-S\u00e3o Paulo. Contudo, na vastid\u00e3o brasileira h\u00e1 in\u00fameras bandas que est\u00e3o buscando seu lugar ao sol, sobretudo na regi\u00e3o norte e no Tocantins. A banda de rock &nbsp;Piratas de Gurupi&nbsp;\u00e9 um exemplo. Existente desde 2006, &nbsp;tendo &hellip;<\/p>\n","protected":false},"author":5,"featured_media":5480,"comment_status":"open","ping_status":"open","sticky":false,"template":"","format":"standard","meta":{"footnotes":""},"categories":[38],"tags":[],"class_list":["post-5479","post","type-post","status-publish","format-standard","has-post-thumbnail","","category-gurupi"],"_links":{"self":[{"href":"https:\/\/focotocantinense.com.br\/index.php?rest_route=\/wp\/v2\/posts\/5479","targetHints":{"allow":["GET"]}}],"collection":[{"href":"https:\/\/focotocantinense.com.br\/index.php?rest_route=\/wp\/v2\/posts"}],"about":[{"href":"https:\/\/focotocantinense.com.br\/index.php?rest_route=\/wp\/v2\/types\/post"}],"author":[{"embeddable":true,"href":"https:\/\/focotocantinense.com.br\/index.php?rest_route=\/wp\/v2\/users\/5"}],"replies":[{"embeddable":true,"href":"https:\/\/focotocantinense.com.br\/index.php?rest_route=%2Fwp%2Fv2%2Fcomments&post=5479"}],"version-history":[{"count":3,"href":"https:\/\/focotocantinense.com.br\/index.php?rest_route=\/wp\/v2\/posts\/5479\/revisions"}],"predecessor-version":[{"id":5485,"href":"https:\/\/focotocantinense.com.br\/index.php?rest_route=\/wp\/v2\/posts\/5479\/revisions\/5485"}],"wp:featuredmedia":[{"embeddable":true,"href":"https:\/\/focotocantinense.com.br\/index.php?rest_route=\/wp\/v2\/media\/5480"}],"wp:attachment":[{"href":"https:\/\/focotocantinense.com.br\/index.php?rest_route=%2Fwp%2Fv2%2Fmedia&parent=5479"}],"wp:term":[{"taxonomy":"category","embeddable":true,"href":"https:\/\/focotocantinense.com.br\/index.php?rest_route=%2Fwp%2Fv2%2Fcategories&post=5479"},{"taxonomy":"post_tag","embeddable":true,"href":"https:\/\/focotocantinense.com.br\/index.php?rest_route=%2Fwp%2Fv2%2Ftags&post=5479"}],"curies":[{"name":"wp","href":"https:\/\/api.w.org\/{rel}","templated":true}]}}