{"id":5470,"date":"2023-07-14T10:50:24","date_gmt":"2023-07-14T13:50:24","guid":{"rendered":"https:\/\/focotocantinense.com.br\/?p=5470"},"modified":"2023-07-14T10:50:25","modified_gmt":"2023-07-14T13:50:25","slug":"inaugurado-ao-escritorio-que-abriga-a-sede-da-associacao-de-moradores-e-pequenos-produtores-rurais-do-povoado-palminha-em-tocantinia","status":"publish","type":"post","link":"https:\/\/focotocantinense.com.br\/?p=5470","title":{"rendered":"Inaugurado ao escrit\u00f3rio que abriga a sede da Associa\u00e7\u00e3o de Moradores e Pequenos Produtores Rurais do Povoado Palminha, em Tocant\u00ednia"},"content":{"rendered":"\n<p><strong>Por Zacarias Martins<\/strong><\/p>\n\n\n\n<p>Com a presen\u00e7a do prefeito&nbsp; de Tocant\u00ednia, Manoel&nbsp; Silvino, do vice-prefeito, Jo\u00e3o Alberto e dos vereadores&nbsp; Afonso Tavares&nbsp; e S\u00e9rgio Caldeira, presidente da C\u00e2mara Municipal, bem como, da comunidade em geral, foi oficialmente inaugurado no final da tarde de quinta-feira, 13,&nbsp; o escrit\u00f3rio da&nbsp; sede da Associa\u00e7\u00e3o de Moradores e Pequenos Produtores Rurais do Povoado Palminha.<\/p>\n\n\n\n<p>O prefeito de Tocant\u00ednia Manoel Silvino,&nbsp; falou sobre o apoio que a administra\u00e7\u00e3o municipal vem prestando aos membros dessa&nbsp; associa\u00e7\u00e3o e&nbsp; destacou que a inten\u00e7\u00e3o \u00e9 continuar&nbsp;&nbsp; ajudar os trabalhadores da agricultura familiar a produzir e vender seus produtos dentro do pr\u00f3prio munic\u00edpio, melhorando assim o or\u00e7amento financeiro de cada produtor.<\/p>\n\n\n\n<p><strong>SONHO REALIZADO<\/strong><\/p>\n\n\n\n<p>Para o presidente da associa\u00e7\u00e3o, Vagner Pereira da Silva, a inaugura\u00e7\u00e3o desse escrit\u00f3rio \u00e9 um sonho da comunidade de Palminha que est\u00e1 sendo realizado.<\/p>\n\n\n\n<p>\u201cVamos continuar nossa hist\u00f3ria trazendo benef\u00edcios para nossa comunidade. Agradecemos o apoio que sempre recebemos do&nbsp; nosso prefeito, Manoel&nbsp; Silvino, do&nbsp; vice-prefeito,&nbsp; Joao Alberto, bem como,&nbsp; pela parceria&nbsp; que temos com a nossa comunidade\u201d, afirmou o presidente.<\/p>\n\n\n\n<p>Ap\u00f3s a inaugura\u00e7\u00e3o, houve uma confraterniza\u00e7\u00e3o e torneio de futebol.<\/p>\n\n\n\n<p><strong>COMPOSI\u00c7\u00c3O DA DIRETORIA<\/strong><\/p>\n\n\n\n<p>A Associa\u00e7\u00e3o de Moradores e Pequenos Produtores Rurais do Povoado Palminha, est\u00e1 assim constitu\u00edda:<\/p>\n\n\n\n<p><strong>Presidente \u2013<\/strong>&nbsp;Vagner Pereira da Silva<\/p>\n\n\n\n<p><strong>Vice-Presidente &#8211;&nbsp;<\/strong>&nbsp; Valter Nogueira Gama<\/p>\n\n\n\n<p><strong>1\u00ba Secret\u00e1rio &#8211;<\/strong>&nbsp; Marcelo Gomes Lima<\/p>\n\n\n\n<p><strong>2\u00ba Secret\u00e1rio &#8211;<\/strong>&nbsp;Jo\u00e3o Paulo Ribeiro dos Santos<\/p>\n\n\n\n<p><strong>1\u00aa Tesoureira &#8211;<\/strong>&nbsp;Maria Eliza de Souza Moura<\/p>\n\n\n\n<p><strong>2\u00aa Tesoureira &#8211;<\/strong>&nbsp;Patr\u00edcia Gon\u00e7alves de Souza Folha<\/p>\n\n\n\n<p><strong>CONSELHO FISCAL &#8211; TITULARES<\/strong><\/p>\n\n\n\n<p>Leilton Pereira Campos<\/p>\n\n\n\n<p>Luzilton Maciel Borges<\/p>\n\n\n\n<p>Jonas Gomes Ribeiro<\/p>\n\n\n\n<p><strong>CONSELHO FISCAL&nbsp; &#8211; SUPLENTES<\/strong><\/p>\n\n\n\n<p>Josivan Alves da Silva<\/p>\n\n\n\n<p>Jaci Gomes Barros<\/p>\n\n\n\n<p>Geovane Alves da Silva<\/p>\n\n\n\n<figure class=\"wp-block-image\"><img decoding=\"async\" src=\"http:\/\/n1to.com.br\/img\/uploads\/2_palminha.jpg\" alt=\"\"\/><\/figure>\n\n\n\n<figure class=\"wp-block-image\"><img decoding=\"async\" src=\"http:\/\/n1to.com.br\/img\/uploads\/3_palminha.jpg\" alt=\"\"\/><\/figure>\n\n\n\n<figure class=\"wp-block-image\"><img decoding=\"async\" src=\"http:\/\/n1to.com.br\/img\/uploads\/4_palminha.jpg\" alt=\"\"\/><\/figure>\n\n\n\n<figure class=\"wp-block-image\"><img decoding=\"async\" src=\"http:\/\/n1to.com.br\/img\/uploads\/5_palminha_1.jpg\" alt=\"\"\/><\/figure>\n\n\n\n<figure class=\"wp-block-image\"><img decoding=\"async\" src=\"http:\/\/n1to.com.br\/img\/uploads\/VINI_106.jpg\" alt=\"\"\/><\/figure>\n","protected":false},"excerpt":{"rendered":"<p>Por Zacarias Martins Com a presen\u00e7a do prefeito&nbsp; de Tocant\u00ednia, Manoel&nbsp; Silvino, do vice-prefeito, Jo\u00e3o Alberto e dos vereadores&nbsp; Afonso Tavares&nbsp; e S\u00e9rgio Caldeira, presidente da C\u00e2mara Municipal, bem como, da comunidade em geral, foi oficialmente inaugurado no final da tarde de quinta-feira, 13,&nbsp; o escrit\u00f3rio da&nbsp; sede da Associa\u00e7\u00e3o de Moradores e Pequenos Produtores &hellip;<\/p>\n","protected":false},"author":5,"featured_media":5471,"comment_status":"open","ping_status":"open","sticky":false,"template":"","format":"standard","meta":{"footnotes":""},"categories":[78],"tags":[],"class_list":["post-5470","post","type-post","status-publish","format-standard","has-post-thumbnail","","category-tocantinia"],"_links":{"self":[{"href":"https:\/\/focotocantinense.com.br\/index.php?rest_route=\/wp\/v2\/posts\/5470","targetHints":{"allow":["GET"]}}],"collection":[{"href":"https:\/\/focotocantinense.com.br\/index.php?rest_route=\/wp\/v2\/posts"}],"about":[{"href":"https:\/\/focotocantinense.com.br\/index.php?rest_route=\/wp\/v2\/types\/post"}],"author":[{"embeddable":true,"href":"https:\/\/focotocantinense.com.br\/index.php?rest_route=\/wp\/v2\/users\/5"}],"replies":[{"embeddable":true,"href":"https:\/\/focotocantinense.com.br\/index.php?rest_route=%2Fwp%2Fv2%2Fcomments&post=5470"}],"version-history":[{"count":1,"href":"https:\/\/focotocantinense.com.br\/index.php?rest_route=\/wp\/v2\/posts\/5470\/revisions"}],"predecessor-version":[{"id":5472,"href":"https:\/\/focotocantinense.com.br\/index.php?rest_route=\/wp\/v2\/posts\/5470\/revisions\/5472"}],"wp:featuredmedia":[{"embeddable":true,"href":"https:\/\/focotocantinense.com.br\/index.php?rest_route=\/wp\/v2\/media\/5471"}],"wp:attachment":[{"href":"https:\/\/focotocantinense.com.br\/index.php?rest_route=%2Fwp%2Fv2%2Fmedia&parent=5470"}],"wp:term":[{"taxonomy":"category","embeddable":true,"href":"https:\/\/focotocantinense.com.br\/index.php?rest_route=%2Fwp%2Fv2%2Fcategories&post=5470"},{"taxonomy":"post_tag","embeddable":true,"href":"https:\/\/focotocantinense.com.br\/index.php?rest_route=%2Fwp%2Fv2%2Ftags&post=5470"}],"curies":[{"name":"wp","href":"https:\/\/api.w.org\/{rel}","templated":true}]}}