{"id":5467,"date":"2023-07-13T19:49:05","date_gmt":"2023-07-13T22:49:05","guid":{"rendered":"https:\/\/focotocantinense.com.br\/?p=5467"},"modified":"2023-07-13T19:49:05","modified_gmt":"2023-07-13T22:49:05","slug":"sebrae-tocantins-aplica-pesquisa-para-identificar-necessidades-e-expectativas-das-suas-partes-interessadas","status":"publish","type":"post","link":"https:\/\/focotocantinense.com.br\/?p=5467","title":{"rendered":"Sebrae Tocantins aplica pesquisa para identificar necessidades e expectativas das suas partes interessadas"},"content":{"rendered":"\n<figure class=\"wp-block-image size-full is-resized\"><img loading=\"lazy\" decoding=\"async\" src=\"https:\/\/focotocantinense.com.br\/wp-content\/uploads\/2023\/07\/Sem-titulo.jpg\" alt=\"\" class=\"wp-image-5468\" width=\"403\" height=\"304\" srcset=\"https:\/\/focotocantinense.com.br\/wp-content\/uploads\/2023\/07\/Sem-titulo.jpg 653w, https:\/\/focotocantinense.com.br\/wp-content\/uploads\/2023\/07\/Sem-titulo-300x226.jpg 300w\" sizes=\"auto, (max-width: 403px) 100vw, 403px\" \/><\/figure>\n\n\n\n<p>Para ouvir as necessidades e expectativas do seu p\u00fablico-alvo, os pequenos neg\u00f3cios, fornecedores e demais entes da sociedade civil, o Sebrae Tocantins vai aplicar, neste m\u00eas, a pesquisa &#8220;O Sebrae quer ouvir voc\u00ea\u201d. O foco do estudo \u00e9 coletar informa\u00e7\u00f5es que ser\u00e3o o pilar para construir o plano estrat\u00e9gico da institui\u00e7\u00e3o em 2024.&nbsp;&nbsp;<\/p>\n\n\n\n<p>Segundo o analista do Sebrae Alex Veras, todo o estudo, que ser\u00e1 realizado pelo Escrit\u00f3rio de Intelig\u00eancia de Dados da institui\u00e7\u00e3o, utilizar\u00e1 de v\u00e1rios canais, como por exemplo: redes sociais, email e Portal do Sebrae. \u201cO objetivo desse levantamento \u00e9 captar informa\u00e7\u00f5es estrat\u00e9gicas para que possamos priorizar o atendimento das necessidades e alinhar as expectativas de todo o nosso p\u00fablico no Planejamento 2024\u201d, completa.&nbsp;&nbsp;<\/p>\n\n\n\n<p>O analista ainda destaca que durante a pesquisa, o Sebrae analisar\u00e1 quais s\u00e3o as principais dificuldades enfrentadas pelos empreendedores; necessidades de capacita\u00e7\u00e3o e treinamento; demandas espec\u00edficas de setores econ\u00f4micos e regi\u00f5es e expectativas em rela\u00e7\u00e3o a servi\u00e7os e programas do Sebrae no Estado.&nbsp;<\/p>\n\n\n\n<p>\u201cCom base nos resultados dessa pesquisa, o Sebrae pode desenvolver treinamentos, capacita\u00e7\u00f5es e consultorias especializadas para atender \u00e0s demandas identificadas, ajudando os colaboradores e empreendedores a adaptar suas estrat\u00e9gias e desenvolver a\u00e7\u00f5es direcionadas \u00e0s necessidades identificadas\u201d, finaliza<\/p>\n\n\n\n<figure class=\"wp-block-image is-resized\"><img loading=\"lazy\" decoding=\"async\" src=\"http:\/\/n1to.com.br\/img\/uploads\/VINI_102.jpg\" alt=\"\" width=\"842\" height=\"254\"\/><\/figure>\n","protected":false},"excerpt":{"rendered":"<p>Para ouvir as necessidades e expectativas do seu p\u00fablico-alvo, os pequenos neg\u00f3cios, fornecedores e demais entes da sociedade civil, o Sebrae Tocantins vai aplicar, neste m\u00eas, a pesquisa &#8220;O Sebrae quer ouvir voc\u00ea\u201d. O foco do estudo \u00e9 coletar informa\u00e7\u00f5es que ser\u00e3o o pilar para construir o plano estrat\u00e9gico da institui\u00e7\u00e3o em 2024.&nbsp;&nbsp; Segundo o &hellip;<\/p>\n","protected":false},"author":5,"featured_media":5468,"comment_status":"open","ping_status":"open","sticky":false,"template":"","format":"standard","meta":{"footnotes":""},"categories":[37],"tags":[],"class_list":["post-5467","post","type-post","status-publish","format-standard","has-post-thumbnail","","category-palmas"],"_links":{"self":[{"href":"https:\/\/focotocantinense.com.br\/index.php?rest_route=\/wp\/v2\/posts\/5467","targetHints":{"allow":["GET"]}}],"collection":[{"href":"https:\/\/focotocantinense.com.br\/index.php?rest_route=\/wp\/v2\/posts"}],"about":[{"href":"https:\/\/focotocantinense.com.br\/index.php?rest_route=\/wp\/v2\/types\/post"}],"author":[{"embeddable":true,"href":"https:\/\/focotocantinense.com.br\/index.php?rest_route=\/wp\/v2\/users\/5"}],"replies":[{"embeddable":true,"href":"https:\/\/focotocantinense.com.br\/index.php?rest_route=%2Fwp%2Fv2%2Fcomments&post=5467"}],"version-history":[{"count":1,"href":"https:\/\/focotocantinense.com.br\/index.php?rest_route=\/wp\/v2\/posts\/5467\/revisions"}],"predecessor-version":[{"id":5469,"href":"https:\/\/focotocantinense.com.br\/index.php?rest_route=\/wp\/v2\/posts\/5467\/revisions\/5469"}],"wp:featuredmedia":[{"embeddable":true,"href":"https:\/\/focotocantinense.com.br\/index.php?rest_route=\/wp\/v2\/media\/5468"}],"wp:attachment":[{"href":"https:\/\/focotocantinense.com.br\/index.php?rest_route=%2Fwp%2Fv2%2Fmedia&parent=5467"}],"wp:term":[{"taxonomy":"category","embeddable":true,"href":"https:\/\/focotocantinense.com.br\/index.php?rest_route=%2Fwp%2Fv2%2Fcategories&post=5467"},{"taxonomy":"post_tag","embeddable":true,"href":"https:\/\/focotocantinense.com.br\/index.php?rest_route=%2Fwp%2Fv2%2Ftags&post=5467"}],"curies":[{"name":"wp","href":"https:\/\/api.w.org\/{rel}","templated":true}]}}