{"id":5461,"date":"2023-07-13T16:42:26","date_gmt":"2023-07-13T19:42:26","guid":{"rendered":"https:\/\/focotocantinense.com.br\/?p=5461"},"modified":"2023-07-13T16:43:10","modified_gmt":"2023-07-13T19:43:10","slug":"livro-sobre-uma-das-mais-influentes-religiosas-do-tocantins-irma-rita-altmann-sera-lancado-nesta-quinta-feira-13-em-araguaina","status":"publish","type":"post","link":"https:\/\/focotocantinense.com.br\/?p=5461","title":{"rendered":"Livro sobre uma das mais influentes religiosas do Tocantins, Irm\u00e3 Rita Altmann, ser\u00e1 lan\u00e7ado nesta quinta-feira, 13, em Aragua\u00edna"},"content":{"rendered":"\n<figure class=\"wp-block-image size-large is-resized\"><img loading=\"lazy\" decoding=\"async\" src=\"https:\/\/focotocantinense.com.br\/wp-content\/uploads\/2023\/07\/aaaaaaaaaaaaaaaaa-1-1024x600.jpg\" alt=\"\" class=\"wp-image-5464\" width=\"406\" height=\"238\" srcset=\"https:\/\/focotocantinense.com.br\/wp-content\/uploads\/2023\/07\/aaaaaaaaaaaaaaaaa-1-1024x600.jpg 1024w, https:\/\/focotocantinense.com.br\/wp-content\/uploads\/2023\/07\/aaaaaaaaaaaaaaaaa-1-300x176.jpg 300w, https:\/\/focotocantinense.com.br\/wp-content\/uploads\/2023\/07\/aaaaaaaaaaaaaaaaa-1-768x450.jpg 768w, https:\/\/focotocantinense.com.br\/wp-content\/uploads\/2023\/07\/aaaaaaaaaaaaaaaaa-1.jpg 1140w\" sizes=\"auto, (max-width: 406px) 100vw, 406px\" \/><\/figure>\n\n\n\n<p><strong>Por Lu\u00eds Poeta<\/strong><\/p>\n\n\n\n<p>O livro sobre a vida e a obra da religiosa Irm\u00e3 Rita Altmann, escrito pelo ex-sacerdote cat\u00f3lico, Josivaldo de Oliveira Souza, ser\u00e1 lan\u00e7ado em Arapoema no dia12 de julho, em Aragua\u00edna no dia 13 e em Tocantin\u00f3polis no dia 14, em homenagem a vida da freira que modificou a realidade de muitas comunidades por onde andou.<\/p>\n\n\n\n<p>De acordo com o autor,&nbsp;<em>\u201ca obra se prop\u00f5e a fazer uma homenagem a irm\u00e3 Rita com todo o seu trabalho social e de evangeliza\u00e7\u00e3o, no Estado de Goi\u00e1s, Maranh\u00e3o e sobretudo, no Tocantins.&nbsp; Traz consigo algumas quest\u00f5es hist\u00f3ricas e documentos importantes. Esta&nbsp;pesquisa contou com apoio e com ajuda de v\u00e1rias testemunhas oculares, padres bispos, leigos, pol\u00edticos e pessoas que a conheceram&nbsp;que se dispuseram ajudar&nbsp;e contribuir com seus testemunhos.\u201d&nbsp;<\/em><\/p>\n\n\n\n<p>O livro apresenta parte de um acervo muito grande de material que ser\u00e1 publicado como anexo, para que os leitores possam entender tanto a personagem quanto o seu trabalho Pastoral e social.<\/p>\n\n\n\n<p>Indaga\u00e7\u00f5es importantes tentar\u00e3o ser respondidas com a obra, que \u00e9 uma pesquisa rica em detalhes sobre uma da mais influentes religiosas do Norte Tocantinense. Como ela via a evangeliza\u00e7\u00e3o? Quem a apoiava? Como ela conseguiu vencer os empecilhos e persegui\u00e7\u00f5es em seu trabalho junto aos pobres? Essas perguntas ser\u00e3o respondidas.<\/p>\n\n\n\n<p>Sobre a pesquisa Josivaldo afirma&nbsp;<em>\u201ctento fazer uma leitura equilibrada dos fatos, dos acontecimentos e da pr\u00f3pria personagem. A partir de tr\u00eas pontos de vistas: primeiro sob o ponto de vista da personagem, segundo sob o ponto de vista dos que estiveram ao seu lado, ao longo de mais de oitenta anos, tanto da Alemanha quanto do Brasil e terceiro, tento dar um ordenamento a todo esse material utilizando uma vis\u00e3o historiogr\u00e1fica&nbsp;sob tr\u00eas vertentes: teol\u00f3gica (espiritualidade e pastoral), hist\u00f3rica e sua pr\u00e1xis eclesial junto aos desfavorecidos.\u201d<\/em><\/p>\n\n\n\n<p>Todos os recursos arrecadados com a venda do livro, ap\u00f3s o pagamento das despesas gr\u00e1ficas, ficar\u00e3o paras as obras iniciadas pela Irm\u00e3 Rita e a C\u00e1ritas da Diocese de Tocantin\u00f3polis para atender \u00e0 pessoas necessitadas.&nbsp;<\/p>\n\n\n\n<p>O livro aborda seu trabalho junto aos irm\u00e3os da Alemanha, aos povos africanos e aos pobres do Brasil, sobretudo junto aos povos origin\u00e1rios Apinaj\u00e9s, bem como, a sua rela\u00e7\u00e3o conflituosa com alguns grupos pol\u00edticos, empres\u00e1rios e agropecuaristas.&nbsp;<\/p>\n\n\n\n<p>A Irm\u00e3 Rita \u00e9 uma personagem poli\u00e9drica, de muitas experi\u00eancias pastorais e \u00e2ngulos diferentes. O livro \u00e9 uma luz dentro de muitas realidades, uma vez que busca retratar mais de quarenta anos de seu trabalho pastoral, na Dioceses do norte do Tocantins.<\/p>\n\n\n\n<p>De uma personalidade \u00edmpar, de respeito e benevol\u00eancia aos menos favorecidos, natural da Alemanha, chegou na cidade de Tocantin\u00f3polis com o prop\u00f3sito de prestar servi\u00e7os sociais, em especial na \u00e1rea da educa\u00e7\u00e3o. No munic\u00edpio que escolheu para viver, Irm\u00e3 Rita foi a fundadora do Pr\u00e9-Escolar Santa Terezinha, escola localizada no bairro Alto Bonito.<\/p>\n\n\n\n<p>Irm\u00e3 Rita foi a idealizadora do Hospital Regional de Arapoema, que ao chegar na regi\u00e3o por volta de 1977 se deparou com a situa\u00e7\u00e3o de sofrimento a qual passava o povo arapoemense sem nenhum servi\u00e7o de atendimento m\u00e9dico-hospitalar.<\/p>\n\n\n\n<p>A freira Rita Rosa Khatarina Altmam, de 81 anos de idade, morreu em 2016, no Hospital Dom Orione, na cidade Aragua\u00edna, em decorr\u00eancia de uma pneumonia.<\/p>\n\n\n\n<p><strong>O autor&nbsp;&nbsp;&nbsp;&nbsp;<\/strong>&nbsp;&nbsp;&nbsp;&nbsp;&nbsp;<\/p>\n\n\n\n<p>Josivaldo de Oliveira \u00e9 graduado em Filosofia pela Universidade de S\u00e3o Paulo, Graduado em Teologia pelo Instituto de Filosofia e Teologia de Goi\u00e1s, Especialista em psicopedagogia pela Faculdade Internacional de Curitiba.<\/p>\n\n\n\n<p>Graduou-se em Letras pela UNIP e fez p\u00f3s-gradua\u00e7\u00e3o em recursos tecnol\u00f3gicos pela Universidade Cat\u00f3lica de Bras\u00edlia<\/p>\n\n\n\n<p><strong>Lan\u00e7amento do livro<\/strong><\/p>\n\n\n\n<p>A obra ser\u00e1 lan\u00e7ada \u00e0s 19h, na Igreja do Ten-Ten (Sal\u00e3o Paroquial da Diocese de Aragua\u00edna) na Avenida Prefeito Jo\u00e3o de Sousa Lima, em Aragua\u00edna.<\/p>\n\n\n\n<p><\/p>\n\n\n\n<figure class=\"wp-block-image size-full is-resized\"><img loading=\"lazy\" decoding=\"async\" src=\"https:\/\/focotocantinense.com.br\/wp-content\/uploads\/2023\/07\/VINI-3.jpg\" alt=\"\" class=\"wp-image-5446\" width=\"838\" height=\"253\" srcset=\"https:\/\/focotocantinense.com.br\/wp-content\/uploads\/2023\/07\/VINI-3.jpg 640w, https:\/\/focotocantinense.com.br\/wp-content\/uploads\/2023\/07\/VINI-3-300x90.jpg 300w\" sizes=\"auto, (max-width: 838px) 100vw, 838px\" \/><\/figure>\n","protected":false},"excerpt":{"rendered":"<p>Por Lu\u00eds Poeta O livro sobre a vida e a obra da religiosa Irm\u00e3 Rita Altmann, escrito pelo ex-sacerdote cat\u00f3lico, Josivaldo de Oliveira Souza, ser\u00e1 lan\u00e7ado em Arapoema no dia12 de julho, em Aragua\u00edna no dia 13 e em Tocantin\u00f3polis no dia 14, em homenagem a vida da freira que modificou a realidade de muitas &hellip;<\/p>\n","protected":false},"author":5,"featured_media":5462,"comment_status":"open","ping_status":"open","sticky":false,"template":"","format":"standard","meta":{"footnotes":""},"categories":[45],"tags":[],"class_list":["post-5461","post","type-post","status-publish","format-standard","has-post-thumbnail","","category-araguaina"],"_links":{"self":[{"href":"https:\/\/focotocantinense.com.br\/index.php?rest_route=\/wp\/v2\/posts\/5461","targetHints":{"allow":["GET"]}}],"collection":[{"href":"https:\/\/focotocantinense.com.br\/index.php?rest_route=\/wp\/v2\/posts"}],"about":[{"href":"https:\/\/focotocantinense.com.br\/index.php?rest_route=\/wp\/v2\/types\/post"}],"author":[{"embeddable":true,"href":"https:\/\/focotocantinense.com.br\/index.php?rest_route=\/wp\/v2\/users\/5"}],"replies":[{"embeddable":true,"href":"https:\/\/focotocantinense.com.br\/index.php?rest_route=%2Fwp%2Fv2%2Fcomments&post=5461"}],"version-history":[{"count":3,"href":"https:\/\/focotocantinense.com.br\/index.php?rest_route=\/wp\/v2\/posts\/5461\/revisions"}],"predecessor-version":[{"id":5466,"href":"https:\/\/focotocantinense.com.br\/index.php?rest_route=\/wp\/v2\/posts\/5461\/revisions\/5466"}],"wp:featuredmedia":[{"embeddable":true,"href":"https:\/\/focotocantinense.com.br\/index.php?rest_route=\/wp\/v2\/media\/5462"}],"wp:attachment":[{"href":"https:\/\/focotocantinense.com.br\/index.php?rest_route=%2Fwp%2Fv2%2Fmedia&parent=5461"}],"wp:term":[{"taxonomy":"category","embeddable":true,"href":"https:\/\/focotocantinense.com.br\/index.php?rest_route=%2Fwp%2Fv2%2Fcategories&post=5461"},{"taxonomy":"post_tag","embeddable":true,"href":"https:\/\/focotocantinense.com.br\/index.php?rest_route=%2Fwp%2Fv2%2Ftags&post=5461"}],"curies":[{"name":"wp","href":"https:\/\/api.w.org\/{rel}","templated":true}]}}