{"id":5456,"date":"2023-07-12T16:44:42","date_gmt":"2023-07-12T19:44:42","guid":{"rendered":"https:\/\/focotocantinense.com.br\/?p=5456"},"modified":"2023-07-12T16:45:15","modified_gmt":"2023-07-12T19:45:15","slug":"tocantinia-conta-com-colonia-de-ferias-gratuita-para-a-criancada-nessa-temporada-de-praia","status":"publish","type":"post","link":"https:\/\/focotocantinense.com.br\/?p=5456","title":{"rendered":"Tocant\u00ednia conta com Col\u00f4nia de F\u00e9rias gratuita para a crian\u00e7ada nessa temporada de praia"},"content":{"rendered":"\n<p>A Prefeitura de Tocant\u00ednia, por meio da Secretaria Municipal de Educa\u00e7\u00e3o \u2013 Semed, montou uma Col\u00f4nia de F\u00e9rias no Centro de Refer\u00eancia do Projeto Leitura Viva, disponibilizando uma movimentada programa\u00e7\u00e3o para as crian\u00e7as do munic\u00edpio.<\/p>\n\n\n\n<p>Conta\u00e7\u00e3o de hist\u00f3rias, Karaok\u00ea, exibi\u00e7\u00e3o de v\u00eddeos, sarau liter\u00e1rio, oficina \u00a0com no\u00e7\u00f5es b\u00e1sicas de fotografia,\u00a0 brinquedos e at\u00e9 mesmo, sorteio de brindes, s\u00e3o alguns dos atrativos para as crian\u00e7as que visita o Centro de Refer\u00eancia do Projeto leitura Viva e que tem chamado a aten\u00e7\u00e3o, n\u00e3o s\u00f3 dos moradores\u00a0 de Tocant\u00ednia, mas, tamb\u00e9m, de pessoas que visitam a cidade nessa \u00e9poca do ano, por conta do per\u00edodo de f\u00e9rias escolares.<\/p>\n\n\n\n<figure class=\"wp-block-image size-large is-resized\"><img loading=\"lazy\" decoding=\"async\" src=\"https:\/\/focotocantinense.com.br\/wp-content\/uploads\/2023\/07\/1-Tocantinia-conta-com-Colonia-de-Ferias-gratuita-para-a-criancada-nessa-temporada-de-praia-1024x771.jpg\" alt=\"\" class=\"wp-image-5457\" width=\"401\" height=\"302\" srcset=\"https:\/\/focotocantinense.com.br\/wp-content\/uploads\/2023\/07\/1-Tocantinia-conta-com-Colonia-de-Ferias-gratuita-para-a-criancada-nessa-temporada-de-praia-1024x771.jpg 1024w, https:\/\/focotocantinense.com.br\/wp-content\/uploads\/2023\/07\/1-Tocantinia-conta-com-Colonia-de-Ferias-gratuita-para-a-criancada-nessa-temporada-de-praia-300x226.jpg 300w, https:\/\/focotocantinense.com.br\/wp-content\/uploads\/2023\/07\/1-Tocantinia-conta-com-Colonia-de-Ferias-gratuita-para-a-criancada-nessa-temporada-de-praia-768x578.jpg 768w, https:\/\/focotocantinense.com.br\/wp-content\/uploads\/2023\/07\/1-Tocantinia-conta-com-Colonia-de-Ferias-gratuita-para-a-criancada-nessa-temporada-de-praia-1536x1156.jpg 1536w, https:\/\/focotocantinense.com.br\/wp-content\/uploads\/2023\/07\/1-Tocantinia-conta-com-Colonia-de-Ferias-gratuita-para-a-criancada-nessa-temporada-de-praia.jpg 1600w\" sizes=\"auto, (max-width: 401px) 100vw, 401px\" \/><\/figure>\n\n\n\n<p>De acordo com a professora Carmen L\u00facia Dias de Oliveira, coordenadora do Centro de Refer\u00eancia do projeto Leitura Viva,&nbsp; essa Col\u00f4nia de F\u00e9rias se transformou em mais uma op\u00e7\u00e3o de lazer para as crian\u00e7as no munic\u00edpio de Tocant\u00ednia, promovendo o desenvolvimento social, cultural, psicol\u00f3gico, motor em um ambiente seguro e descontra\u00eddo.<\/p>\n\n\n\n<p><strong>Conta\u00e7\u00e3o de hist\u00f3rias<\/strong><\/p>\n\n\n\n<p>Nesta quarta-feira pela manh\u00e3, houve conta\u00e7\u00e3o de hist\u00f3rias e exibi\u00e7\u00e3o de v\u00eddeo, pelo poeta e jornalista Zacarias Martins, que tamb\u00e9m explicou aos presentes,\u00a0 algumas no\u00e7\u00f5es b\u00e1sicas de fotografia a partir do aparelho celular.<\/p>\n\n\n\n<figure class=\"wp-block-image size-large is-resized\"><img loading=\"lazy\" decoding=\"async\" src=\"https:\/\/focotocantinense.com.br\/wp-content\/uploads\/2023\/07\/2-Tocantinia-conta-com-Colonia-de-Ferias-gratuita-para-a-criancada-nessa-temporada-de-praia-1024x768.jpg\" alt=\"\" class=\"wp-image-5458\" width=\"840\" height=\"630\" srcset=\"https:\/\/focotocantinense.com.br\/wp-content\/uploads\/2023\/07\/2-Tocantinia-conta-com-Colonia-de-Ferias-gratuita-para-a-criancada-nessa-temporada-de-praia-1024x768.jpg 1024w, https:\/\/focotocantinense.com.br\/wp-content\/uploads\/2023\/07\/2-Tocantinia-conta-com-Colonia-de-Ferias-gratuita-para-a-criancada-nessa-temporada-de-praia-300x225.jpg 300w, https:\/\/focotocantinense.com.br\/wp-content\/uploads\/2023\/07\/2-Tocantinia-conta-com-Colonia-de-Ferias-gratuita-para-a-criancada-nessa-temporada-de-praia-768x576.jpg 768w, https:\/\/focotocantinense.com.br\/wp-content\/uploads\/2023\/07\/2-Tocantinia-conta-com-Colonia-de-Ferias-gratuita-para-a-criancada-nessa-temporada-de-praia-1536x1152.jpg 1536w, https:\/\/focotocantinense.com.br\/wp-content\/uploads\/2023\/07\/2-Tocantinia-conta-com-Colonia-de-Ferias-gratuita-para-a-criancada-nessa-temporada-de-praia.jpg 1600w\" sizes=\"auto, (max-width: 840px) 100vw, 840px\" \/><\/figure>\n\n\n\n<p><strong><em>O poeta e jornalista Zacarias Martins foi uma das atra\u00e7\u00f5es dessa Col\u00d3nia de F\u00e9rias em Tocant\u00ednia<\/em><\/strong><\/p>\n\n\n\n<figure class=\"wp-block-image size-full is-resized\"><img loading=\"lazy\" decoding=\"async\" src=\"https:\/\/focotocantinense.com.br\/wp-content\/uploads\/2023\/07\/VINI-3.jpg\" alt=\"\" class=\"wp-image-5446\" width=\"839\" height=\"253\" srcset=\"https:\/\/focotocantinense.com.br\/wp-content\/uploads\/2023\/07\/VINI-3.jpg 640w, https:\/\/focotocantinense.com.br\/wp-content\/uploads\/2023\/07\/VINI-3-300x90.jpg 300w\" sizes=\"auto, (max-width: 839px) 100vw, 839px\" \/><\/figure>\n","protected":false},"excerpt":{"rendered":"<p>A Prefeitura de Tocant\u00ednia, por meio da Secretaria Municipal de Educa\u00e7\u00e3o \u2013 Semed, montou uma Col\u00f4nia de F\u00e9rias no Centro de Refer\u00eancia do Projeto Leitura Viva, disponibilizando uma movimentada programa\u00e7\u00e3o para as crian\u00e7as do munic\u00edpio. Conta\u00e7\u00e3o de hist\u00f3rias, Karaok\u00ea, exibi\u00e7\u00e3o de v\u00eddeos, sarau liter\u00e1rio, oficina \u00a0com no\u00e7\u00f5es b\u00e1sicas de fotografia,\u00a0 brinquedos e at\u00e9 mesmo, sorteio &hellip;<\/p>\n","protected":false},"author":5,"featured_media":5457,"comment_status":"open","ping_status":"open","sticky":false,"template":"","format":"standard","meta":{"footnotes":""},"categories":[78],"tags":[],"class_list":["post-5456","post","type-post","status-publish","format-standard","has-post-thumbnail","","category-tocantinia"],"_links":{"self":[{"href":"https:\/\/focotocantinense.com.br\/index.php?rest_route=\/wp\/v2\/posts\/5456","targetHints":{"allow":["GET"]}}],"collection":[{"href":"https:\/\/focotocantinense.com.br\/index.php?rest_route=\/wp\/v2\/posts"}],"about":[{"href":"https:\/\/focotocantinense.com.br\/index.php?rest_route=\/wp\/v2\/types\/post"}],"author":[{"embeddable":true,"href":"https:\/\/focotocantinense.com.br\/index.php?rest_route=\/wp\/v2\/users\/5"}],"replies":[{"embeddable":true,"href":"https:\/\/focotocantinense.com.br\/index.php?rest_route=%2Fwp%2Fv2%2Fcomments&post=5456"}],"version-history":[{"count":2,"href":"https:\/\/focotocantinense.com.br\/index.php?rest_route=\/wp\/v2\/posts\/5456\/revisions"}],"predecessor-version":[{"id":5460,"href":"https:\/\/focotocantinense.com.br\/index.php?rest_route=\/wp\/v2\/posts\/5456\/revisions\/5460"}],"wp:featuredmedia":[{"embeddable":true,"href":"https:\/\/focotocantinense.com.br\/index.php?rest_route=\/wp\/v2\/media\/5457"}],"wp:attachment":[{"href":"https:\/\/focotocantinense.com.br\/index.php?rest_route=%2Fwp%2Fv2%2Fmedia&parent=5456"}],"wp:term":[{"taxonomy":"category","embeddable":true,"href":"https:\/\/focotocantinense.com.br\/index.php?rest_route=%2Fwp%2Fv2%2Fcategories&post=5456"},{"taxonomy":"post_tag","embeddable":true,"href":"https:\/\/focotocantinense.com.br\/index.php?rest_route=%2Fwp%2Fv2%2Ftags&post=5456"}],"curies":[{"name":"wp","href":"https:\/\/api.w.org\/{rel}","templated":true}]}}