{"id":5449,"date":"2023-07-10T17:01:28","date_gmt":"2023-07-10T20:01:28","guid":{"rendered":"https:\/\/focotocantinense.com.br\/?p=5449"},"modified":"2023-07-10T17:39:08","modified_gmt":"2023-07-10T20:39:08","slug":"valmir-cardoso-destaca-a-limpeza-de-lagoa-da-confusao-nesse-periodo-de-praia","status":"publish","type":"post","link":"https:\/\/focotocantinense.com.br\/?p=5449","title":{"rendered":"Valmir \u00a0Cardoso destaca\u00a0 a limpeza de Lagoa da Confus\u00e3o nesse per\u00edodo de praia"},"content":{"rendered":"\n<figure class=\"wp-block-image size-large is-resized\"><img loading=\"lazy\" decoding=\"async\" src=\"https:\/\/focotocantinense.com.br\/wp-content\/uploads\/2023\/07\/aAA-11-1024x768.jpg\" alt=\"\" class=\"wp-image-5450\" width=\"392\" height=\"294\" srcset=\"https:\/\/focotocantinense.com.br\/wp-content\/uploads\/2023\/07\/aAA-11-1024x768.jpg 1024w, https:\/\/focotocantinense.com.br\/wp-content\/uploads\/2023\/07\/aAA-11-300x225.jpg 300w, https:\/\/focotocantinense.com.br\/wp-content\/uploads\/2023\/07\/aAA-11-768x576.jpg 768w, https:\/\/focotocantinense.com.br\/wp-content\/uploads\/2023\/07\/aAA-11-1536x1152.jpg 1536w, https:\/\/focotocantinense.com.br\/wp-content\/uploads\/2023\/07\/aAA-11.jpg 1600w\" sizes=\"auto, (max-width: 392px) 100vw, 392px\" \/><\/figure>\n\n\n\n<p><em><em>Coordenador do Servi\u00e7o de Limpeza P\u00fablica<\/em> de Lagoa da Confus\u00e3o,  Valmir Cardoso, vem se destacando pelo servi\u00e7o realizado, juntamente, com a sua equipe, para deixar&nbsp; a cidade sempre limpa, mais especialmente, nesse per\u00edodo de praia, onde o n\u00famero de turistas&nbsp; aumenta significativamente, por conta dos atrativos&nbsp; naturais que&nbsp; o munic\u00edpio oferece.<\/em><\/p>\n\n\n\n<p><em>De acordo com Valmir, a &nbsp;intensifica\u00e7\u00e3o no trabalho de limpeza p\u00fablica segue determina\u00e7\u00e3o do prefeito Dr. Thiago Carlos que busca deixar Lagoa da Confus\u00e3o uma refer\u00eancia no quesito&nbsp; de limpeza, especialmente, &nbsp;com respeito e responsabilidade com a coisa p\u00fablica.<\/em><\/p>\n\n\n\n<p><em>\u201cLagoa da Confus\u00e3o \u00e9 um patrim\u00f4nio de todos nos que amamos essa cidade. Por isso, sinto muito orgulho de fazer parte&nbsp; do Governo Municipal e, dessa forma, tamb\u00e9m dar a minha contribui\u00e7\u00e3o para uma tenhamos uma cidade cada vez melhor para se viver\u201d, afirmou Valmir Cardoso.<\/em><\/p>\n","protected":false},"excerpt":{"rendered":"<p>Coordenador do Servi\u00e7o de Limpeza P\u00fablica de Lagoa da Confus\u00e3o, Valmir Cardoso, vem se destacando pelo servi\u00e7o realizado, juntamente, com a sua equipe, para deixar&nbsp; a cidade sempre limpa, mais especialmente, nesse per\u00edodo de praia, onde o n\u00famero de turistas&nbsp; aumenta significativamente, por conta dos atrativos&nbsp; naturais que&nbsp; o munic\u00edpio oferece. De acordo com Valmir, &hellip;<\/p>\n","protected":false},"author":5,"featured_media":5454,"comment_status":"open","ping_status":"open","sticky":false,"template":"","format":"standard","meta":{"footnotes":""},"categories":[1],"tags":[],"class_list":["post-5449","post","type-post","status-publish","format-standard","has-post-thumbnail","","category-sem-categoria"],"_links":{"self":[{"href":"https:\/\/focotocantinense.com.br\/index.php?rest_route=\/wp\/v2\/posts\/5449","targetHints":{"allow":["GET"]}}],"collection":[{"href":"https:\/\/focotocantinense.com.br\/index.php?rest_route=\/wp\/v2\/posts"}],"about":[{"href":"https:\/\/focotocantinense.com.br\/index.php?rest_route=\/wp\/v2\/types\/post"}],"author":[{"embeddable":true,"href":"https:\/\/focotocantinense.com.br\/index.php?rest_route=\/wp\/v2\/users\/5"}],"replies":[{"embeddable":true,"href":"https:\/\/focotocantinense.com.br\/index.php?rest_route=%2Fwp%2Fv2%2Fcomments&post=5449"}],"version-history":[{"count":3,"href":"https:\/\/focotocantinense.com.br\/index.php?rest_route=\/wp\/v2\/posts\/5449\/revisions"}],"predecessor-version":[{"id":5455,"href":"https:\/\/focotocantinense.com.br\/index.php?rest_route=\/wp\/v2\/posts\/5449\/revisions\/5455"}],"wp:featuredmedia":[{"embeddable":true,"href":"https:\/\/focotocantinense.com.br\/index.php?rest_route=\/wp\/v2\/media\/5454"}],"wp:attachment":[{"href":"https:\/\/focotocantinense.com.br\/index.php?rest_route=%2Fwp%2Fv2%2Fmedia&parent=5449"}],"wp:term":[{"taxonomy":"category","embeddable":true,"href":"https:\/\/focotocantinense.com.br\/index.php?rest_route=%2Fwp%2Fv2%2Fcategories&post=5449"},{"taxonomy":"post_tag","embeddable":true,"href":"https:\/\/focotocantinense.com.br\/index.php?rest_route=%2Fwp%2Fv2%2Ftags&post=5449"}],"curies":[{"name":"wp","href":"https:\/\/api.w.org\/{rel}","templated":true}]}}