{"id":5436,"date":"2023-07-10T15:21:32","date_gmt":"2023-07-10T18:21:32","guid":{"rendered":"https:\/\/focotocantinense.com.br\/?p=5436"},"modified":"2023-07-10T15:36:52","modified_gmt":"2023-07-10T18:36:52","slug":"casamento-deslumbrante-marca-o-enlace-de-pedro-henrique-cabral-dias-e-myllena-pereira-do-amaral-em-gurupi","status":"publish","type":"post","link":"https:\/\/focotocantinense.com.br\/?p=5436","title":{"rendered":"Casamento deslumbrante marca o Enlace de Pedro Henrique Cabral Dias e Myllena Pereira do Amaral em Gurupi"},"content":{"rendered":"\n<p>O amor verdadeiro \u00e9 capaz de ultrapassar o tempo e se perpetuar atrav\u00e9s das gera\u00e7\u00f5es. No dia 29 de dezembro de 1996, na Igreja Assembleia de Deus \u2013 Madureira, na cidade de Formoso do Araguaia, um casamento aconteceu, unindo os destinos de Jonas Amaral e Maria Divina Pereira da Silva Amaral. Hoje, 27 anos depois, a filha primog\u00eanita do casal, Myllena Pereira do Amaral, celebra o mesmo amor que uniu seus pais naquela data especial.<\/p>\n\n\n\n<figure class=\"wp-block-image is-resized\"><img loading=\"lazy\" decoding=\"async\" src=\"https:\/\/focotocantinense.com.br\/wp-content\/uploads\/2023\/07\/image-3-768x1024.png\" alt=\"\" class=\"wp-image-5441\" width=\"405\" height=\"540\" srcset=\"https:\/\/focotocantinense.com.br\/wp-content\/uploads\/2023\/07\/image-3-768x1024.png 768w, https:\/\/focotocantinense.com.br\/wp-content\/uploads\/2023\/07\/image-3-225x300.png 225w, https:\/\/focotocantinense.com.br\/wp-content\/uploads\/2023\/07\/image-3-1152x1536.png 1152w, https:\/\/focotocantinense.com.br\/wp-content\/uploads\/2023\/07\/image-3.png 1200w\" sizes=\"auto, (max-width: 405px) 100vw, 405px\" \/><\/figure>\n\n\n\n<p>O casamento de Jonas e Maria Divina foi celebrado pelo pastor Deroci Barbosa Lima, que aben\u00e7oou a uni\u00e3o dos dois jovens apaixonados. Ao longo dos anos, eles constru\u00edram uma linda fam\u00edlia e foram aben\u00e7oados com o nascimento de duas lindas filhas,&nbsp;<a href=\"https:\/\/www.instagram.com\/dramyllenamaral\/\" target=\"_blank\" rel=\"noreferrer noopener\">Myllena<\/a>&nbsp;e Giovanna Pereira do Amaral. E no \u00faltimo s\u00e1bado, dia 8 de julho, o mesmo pastor ecoou uma nova b\u00ean\u00e7\u00e3o sobre a vida da filha do casal e o seu grande amor.<\/p>\n\n\n\n<p>O Jardim&nbsp;<a href=\"https:\/\/www.instagram.com\/palaciusreal\/\" target=\"_blank\" rel=\"noreferrer noopener\">Pal\u00e1ciu\u2019s Real<\/a>, na cidade de Gurupi, foi o local escolhido para o cen\u00e1rio de um casamento encantador. Myllena Pereira do Amaral e&nbsp;<a href=\"https:\/\/www.instagram.com\/pedrohcabral\/\" target=\"_blank\" rel=\"noreferrer noopener\">Pedro Henrique Cabral Dias<\/a>&nbsp;uniram-se em matrim\u00f4nio diante de um p\u00fablico repleto de emo\u00e7\u00e3o e requinte, onde trocaram votos e juras de amor eterno em uma cerim\u00f4nia que emocionou a todos os presentes.<\/p>\n\n\n\n<p>A celebra\u00e7\u00e3o foi conduzida pelo pastor Deroci Barbosa Lima, presidente das Assembleias de Deus Minist\u00e9rio de Madureira Campo de Caiap\u00f4nia, no estado de Goi\u00e1s. O evento contou ainda com a participa\u00e7\u00e3o especial do pastor Ant\u00f4nio Baltazar Cardoso de Oliveira, presidente das Assembleias de Deus Minist\u00e9rio de Madureira Campo de Gurupi.<\/p>\n\n\n\n<figure class=\"wp-block-image size-large is-resized\"><img loading=\"lazy\" decoding=\"async\" src=\"https:\/\/focotocantinense.com.br\/wp-content\/uploads\/2023\/07\/image-768x1024.png\" alt=\"\" class=\"wp-image-5438\" width=\"839\" height=\"1119\" srcset=\"https:\/\/focotocantinense.com.br\/wp-content\/uploads\/2023\/07\/image-768x1024.png 768w, https:\/\/focotocantinense.com.br\/wp-content\/uploads\/2023\/07\/image-225x300.png 225w, https:\/\/focotocantinense.com.br\/wp-content\/uploads\/2023\/07\/image-1152x1536.png 1152w, https:\/\/focotocantinense.com.br\/wp-content\/uploads\/2023\/07\/image.png 1200w\" sizes=\"auto, (max-width: 839px) 100vw, 839px\" \/><\/figure>\n\n\n\n<p><em><strong>Fam\u00edlia da noiva.<\/strong><\/em><\/p>\n\n\n\n<p>O Jardim do&nbsp;<a rel=\"noreferrer noopener\" href=\"https:\/\/www.instagram.com\/palaciusreal\/\" target=\"_blank\">Pal\u00e1ciu\u2019s Real<\/a>&nbsp;foi meticulosamente decorado para a ocasi\u00e3o, com cada detalhe planejado para proporcionar um ambiente glamoroso e encantador. Os convidados, entre amigos e familiares dos noivos, abrilhantaram o momento especial com sua presen\u00e7a.<\/p>\n\n\n\n<figure class=\"wp-block-image size-large\"><img loading=\"lazy\" decoding=\"async\" width=\"1024\" height=\"799\" src=\"https:\/\/focotocantinense.com.br\/wp-content\/uploads\/2023\/07\/image-1-1024x799.png\" alt=\"\" class=\"wp-image-5439\" srcset=\"https:\/\/focotocantinense.com.br\/wp-content\/uploads\/2023\/07\/image-1-1024x799.png 1024w, https:\/\/focotocantinense.com.br\/wp-content\/uploads\/2023\/07\/image-1-300x234.png 300w, https:\/\/focotocantinense.com.br\/wp-content\/uploads\/2023\/07\/image-1-768x599.png 768w, https:\/\/focotocantinense.com.br\/wp-content\/uploads\/2023\/07\/image-1.png 1200w\" sizes=\"auto, (max-width: 1024px) 100vw, 1024px\" \/><\/figure>\n\n\n\n<p><em><strong>Fam\u00edlia do noivo.<\/strong><\/em><\/p>\n\n\n\n<p>Ap\u00f3s a cerim\u00f4nia, todos os presentes foram agraciados com um delicioso jantar preparado especialmente para a ocasi\u00e3o. Myllena e Pedro aproveitaram a oportunidade para posar para&nbsp;<a rel=\"noreferrer noopener\" href=\"https:\/\/www.instagram.com\/thiagocerqueirafotografo\/\" target=\"_blank\">fotos<\/a>&nbsp;com seus convidados, eternizando momentos de felicidade e compartilhando a alegria desse dia \u00fanico.<\/p>\n\n\n\n<figure class=\"wp-block-image size-large is-resized\"><img loading=\"lazy\" decoding=\"async\" src=\"https:\/\/focotocantinense.com.br\/wp-content\/uploads\/2023\/07\/image-2-730x1024.png\" alt=\"\" class=\"wp-image-5440\" width=\"840\" height=\"1178\" srcset=\"https:\/\/focotocantinense.com.br\/wp-content\/uploads\/2023\/07\/image-2-730x1024.png 730w, https:\/\/focotocantinense.com.br\/wp-content\/uploads\/2023\/07\/image-2-214x300.png 214w, https:\/\/focotocantinense.com.br\/wp-content\/uploads\/2023\/07\/image-2-768x1078.png 768w, https:\/\/focotocantinense.com.br\/wp-content\/uploads\/2023\/07\/image-2-1094x1536.png 1094w, https:\/\/focotocantinense.com.br\/wp-content\/uploads\/2023\/07\/image-2.png 1140w\" sizes=\"auto, (max-width: 840px) 100vw, 840px\" \/><\/figure>\n\n\n\n<p><em><br><strong>Noivos emocionados.<\/strong><\/em><\/p>\n\n\n\n<p>O casamento de&nbsp;<a href=\"https:\/\/www.instagram.com\/dramyllenamaral\/\" target=\"_blank\" rel=\"noreferrer noopener\">Myllena<\/a>&nbsp;e Pedro ficar\u00e1 marcado na mem\u00f3ria de todos como um evento inesquec\u00edvel, repleto de amor, emo\u00e7\u00e3o e celebra\u00e7\u00e3o, deixando uma mem\u00f3ria duradoura para todos os que tiveram a honra de participar desse momento t\u00e3o especial.<\/p>\n\n\n\n<p>Myllena \u00e9 formada em Odontologia pela Universidade UnirG de Gurupi e est\u00e1 cursando especializa\u00e7\u00e3o em Periodontia e Implantodontia pela Associa\u00e7\u00e3o Brasileira de Odontologia (ABO) no estado da Bahia, onde tamb\u00e9m exerce sua profiss\u00e3o.<\/p>\n\n\n\n<p><a href=\"https:\/\/www.instagram.com\/pedrohcabral\/\" target=\"_blank\" rel=\"noreferrer noopener\">Pedro Henrique<\/a>, assim como&nbsp;<a href=\"https:\/\/www.instagram.com\/dramyllenamaral\/\" target=\"_blank\" rel=\"noreferrer noopener\">Myllena<\/a>, \u00e9 formado em Odontologia pela Universidade UnirG de Gurupi e est\u00e1 cursando especializa\u00e7\u00e3o em Ortodontia pela Associa\u00e7\u00e3o Brasileira de Odontologia (ABO) no estado da Bahia, onde tamb\u00e9m trabalha.<\/p>\n\n\n\n<p>Os pais dos noivos aproveitaram a oportunidade para expressar sua gratid\u00e3o a todos os convidados que prestigiaram o momento, tornando-o ainda mais especial com suas presen\u00e7as.<\/p>\n\n\n\n<figure class=\"wp-block-image size-full is-resized\"><img loading=\"lazy\" decoding=\"async\" src=\"https:\/\/focotocantinense.com.br\/wp-content\/uploads\/2023\/07\/image-4.png\" alt=\"\" class=\"wp-image-5442\" width=\"842\" height=\"1123\" srcset=\"https:\/\/focotocantinense.com.br\/wp-content\/uploads\/2023\/07\/image-4.png 768w, https:\/\/focotocantinense.com.br\/wp-content\/uploads\/2023\/07\/image-4-225x300.png 225w\" sizes=\"auto, (max-width: 842px) 100vw, 842px\" \/><\/figure>\n\n\n\n<p><br><em><strong>Pr. Deroci Barbosa Lima celebrando.<\/strong><\/em><\/p>\n\n\n\n<figure class=\"wp-block-image size-full is-resized\"><img loading=\"lazy\" decoding=\"async\" src=\"https:\/\/focotocantinense.com.br\/wp-content\/uploads\/2023\/07\/VINI-3.jpg\" alt=\"\" class=\"wp-image-5446\" width=\"839\" height=\"253\" srcset=\"https:\/\/focotocantinense.com.br\/wp-content\/uploads\/2023\/07\/VINI-3.jpg 640w, https:\/\/focotocantinense.com.br\/wp-content\/uploads\/2023\/07\/VINI-3-300x90.jpg 300w\" sizes=\"auto, (max-width: 839px) 100vw, 839px\" \/><\/figure>\n","protected":false},"excerpt":{"rendered":"<p>O amor verdadeiro \u00e9 capaz de ultrapassar o tempo e se perpetuar atrav\u00e9s das gera\u00e7\u00f5es. No dia 29 de dezembro de 1996, na Igreja Assembleia de Deus \u2013 Madureira, na cidade de Formoso do Araguaia, um casamento aconteceu, unindo os destinos de Jonas Amaral e Maria Divina Pereira da Silva Amaral. Hoje, 27 anos depois, &hellip;<\/p>\n","protected":false},"author":5,"featured_media":5437,"comment_status":"open","ping_status":"open","sticky":false,"template":"","format":"standard","meta":{"footnotes":""},"categories":[38],"tags":[],"class_list":["post-5436","post","type-post","status-publish","format-standard","has-post-thumbnail","","category-gurupi"],"_links":{"self":[{"href":"https:\/\/focotocantinense.com.br\/index.php?rest_route=\/wp\/v2\/posts\/5436","targetHints":{"allow":["GET"]}}],"collection":[{"href":"https:\/\/focotocantinense.com.br\/index.php?rest_route=\/wp\/v2\/posts"}],"about":[{"href":"https:\/\/focotocantinense.com.br\/index.php?rest_route=\/wp\/v2\/types\/post"}],"author":[{"embeddable":true,"href":"https:\/\/focotocantinense.com.br\/index.php?rest_route=\/wp\/v2\/users\/5"}],"replies":[{"embeddable":true,"href":"https:\/\/focotocantinense.com.br\/index.php?rest_route=%2Fwp%2Fv2%2Fcomments&post=5436"}],"version-history":[{"count":5,"href":"https:\/\/focotocantinense.com.br\/index.php?rest_route=\/wp\/v2\/posts\/5436\/revisions"}],"predecessor-version":[{"id":5448,"href":"https:\/\/focotocantinense.com.br\/index.php?rest_route=\/wp\/v2\/posts\/5436\/revisions\/5448"}],"wp:featuredmedia":[{"embeddable":true,"href":"https:\/\/focotocantinense.com.br\/index.php?rest_route=\/wp\/v2\/media\/5437"}],"wp:attachment":[{"href":"https:\/\/focotocantinense.com.br\/index.php?rest_route=%2Fwp%2Fv2%2Fmedia&parent=5436"}],"wp:term":[{"taxonomy":"category","embeddable":true,"href":"https:\/\/focotocantinense.com.br\/index.php?rest_route=%2Fwp%2Fv2%2Fcategories&post=5436"},{"taxonomy":"post_tag","embeddable":true,"href":"https:\/\/focotocantinense.com.br\/index.php?rest_route=%2Fwp%2Fv2%2Ftags&post=5436"}],"curies":[{"name":"wp","href":"https:\/\/api.w.org\/{rel}","templated":true}]}}