{"id":5413,"date":"2023-07-07T19:25:42","date_gmt":"2023-07-07T22:25:42","guid":{"rendered":"https:\/\/focotocantinense.com.br\/?p=5413"},"modified":"2023-07-07T19:37:29","modified_gmt":"2023-07-07T22:37:29","slug":"vinicius-martins-arranca-muitas-gargalhadas-em-estreia-de-show-de-humor-em-gurupi","status":"publish","type":"post","link":"https:\/\/focotocantinense.com.br\/?p=5413","title":{"rendered":"Vin\u00edcius Martins arranca muitas gargalhadas em estreia de show de humor em Gurupi"},"content":{"rendered":"\n<figure class=\"wp-block-image size-large is-resized\"><img loading=\"lazy\" decoding=\"async\" src=\"https:\/\/focotocantinense.com.br\/wp-content\/uploads\/2023\/07\/ee-1024x608.jpg\" alt=\"\" class=\"wp-image-5426\" width=\"409\" height=\"242\" srcset=\"https:\/\/focotocantinense.com.br\/wp-content\/uploads\/2023\/07\/ee-1024x608.jpg 1024w, https:\/\/focotocantinense.com.br\/wp-content\/uploads\/2023\/07\/ee-300x178.jpg 300w, https:\/\/focotocantinense.com.br\/wp-content\/uploads\/2023\/07\/ee-768x456.jpg 768w, https:\/\/focotocantinense.com.br\/wp-content\/uploads\/2023\/07\/ee-1536x912.jpg 1536w, https:\/\/focotocantinense.com.br\/wp-content\/uploads\/2023\/07\/ee.jpg 1600w\" sizes=\"auto, (max-width: 409px) 100vw, 409px\" \/><\/figure>\n\n\n\n<p><em><strong>O humorista tocantinense apresentou seu espet\u00e1culo \u201cS\u00f3 Riso Show de Humor\u201d com foco social e divers\u00e3o garantida<\/strong><\/em><\/p>\n\n\n\n<p><strong>Por Jonas Amaral<\/strong><\/p>\n\n\n\n<p>O talentoso ator e humorista tocantinense Vin\u00edcius Martins encantou o p\u00fablico de Gurupi na noite desta quinta-feira, 06 de julho, com a estreia de seu novo show de humor. Realizado no Centro Cultural Mauro Cunha, o espet\u00e1culo solo intitulado \u201cS\u00f3 Riso Show de Humor\u201d proporcionou momentos de muitas risadas e reflex\u00f5es sobre o cotidiano das pessoas.<\/p>\n\n\n\n<p>Com in\u00edcio \u00e0s 20 horas, o show n\u00e3o apenas levou entretenimento e bom humor, mas tamb\u00e9m teve um importante foco social. Parte dos ingressos foi destinada a ONGs e institui\u00e7\u00f5es locais, al\u00e9m da arrecada\u00e7\u00e3o de alimentos para ajudar aqueles que mais necessitam. Outro destaque foi a presen\u00e7a de um int\u00e9rprete de Libras, proporcionando maior acessibilidade ao p\u00fablico.<\/p>\n\n\n\n<p>Vin\u00edcius Martins, al\u00e9m de sua carreira solo, tamb\u00e9m \u00e9 conhecido por ser apresentador do Mutuca Cast, um podcast de entrevistas e entretenimento bem-humorado, em parceria com Rafael Rafiusk. O programa se tornou um verdadeiro sucesso entre os gurupienses.<\/p>\n\n\n\n<figure class=\"wp-block-image size-large\"><img loading=\"lazy\" decoding=\"async\" width=\"1024\" height=\"682\" src=\"https:\/\/focotocantinense.com.br\/wp-content\/uploads\/2023\/07\/ddd-2-1024x682.jpg\" alt=\"\" class=\"wp-image-5424\" srcset=\"https:\/\/focotocantinense.com.br\/wp-content\/uploads\/2023\/07\/ddd-2-1024x682.jpg 1024w, https:\/\/focotocantinense.com.br\/wp-content\/uploads\/2023\/07\/ddd-2-300x200.jpg 300w, https:\/\/focotocantinense.com.br\/wp-content\/uploads\/2023\/07\/ddd-2-768x512.jpg 768w, https:\/\/focotocantinense.com.br\/wp-content\/uploads\/2023\/07\/ddd-2-1536x1023.jpg 1536w, https:\/\/focotocantinense.com.br\/wp-content\/uploads\/2023\/07\/ddd-2-310x205.jpg 310w, https:\/\/focotocantinense.com.br\/wp-content\/uploads\/2023\/07\/ddd-2.jpg 1600w\" sizes=\"auto, (max-width: 1024px) 100vw, 1024px\" \/><\/figure>\n\n\n\n<p>Durante o espet\u00e1culo, Vin\u00edcius apresentou diversas vertentes da com\u00e9dia, como stand-up, personagens caricatos criados por ele mesmo, piadas, quadros e gags de palha\u00e7o, entre outros artif\u00edcios. A dire\u00e7\u00e3o art\u00edstica do show ficou a cargo de seu pai, Zacarias Martins, renomado poeta e jornalista, com dire\u00e7\u00e3o geral e t\u00e9cnica de Fabio Moreno.<\/p>\n\n\n\n<figure class=\"wp-block-image size-large\"><img loading=\"lazy\" decoding=\"async\" width=\"1024\" height=\"682\" src=\"https:\/\/focotocantinense.com.br\/wp-content\/uploads\/2023\/07\/fff-1024x682.jpg\" alt=\"\" class=\"wp-image-5428\" srcset=\"https:\/\/focotocantinense.com.br\/wp-content\/uploads\/2023\/07\/fff-1024x682.jpg 1024w, https:\/\/focotocantinense.com.br\/wp-content\/uploads\/2023\/07\/fff-300x200.jpg 300w, https:\/\/focotocantinense.com.br\/wp-content\/uploads\/2023\/07\/fff-768x512.jpg 768w, https:\/\/focotocantinense.com.br\/wp-content\/uploads\/2023\/07\/fff-1536x1023.jpg 1536w, https:\/\/focotocantinense.com.br\/wp-content\/uploads\/2023\/07\/fff-310x205.jpg 310w, https:\/\/focotocantinense.com.br\/wp-content\/uploads\/2023\/07\/fff.jpg 1600w\" sizes=\"auto, (max-width: 1024px) 100vw, 1024px\" \/><\/figure>\n\n\n\n<p>O humorista ressaltou que esse show faz parte de um projeto que percorrer\u00e1 diversas cidades tocantinenses, com o objetivo de formar plateia e proporcionar \u00e0 comunidade o acesso a espet\u00e1culos culturais. Em agosto, Vin\u00edcius se apresentar\u00e1 em Tocant\u00ednia e Porto Nacional, levando seu talento e alegria a mais pessoas.<\/p>\n\n\n\n<figure class=\"wp-block-image size-large\"><img loading=\"lazy\" decoding=\"async\" width=\"1024\" height=\"676\" src=\"https:\/\/focotocantinense.com.br\/wp-content\/uploads\/2023\/07\/ccc-1-1024x676.jpg\" alt=\"\" class=\"wp-image-5420\" srcset=\"https:\/\/focotocantinense.com.br\/wp-content\/uploads\/2023\/07\/ccc-1-1024x676.jpg 1024w, https:\/\/focotocantinense.com.br\/wp-content\/uploads\/2023\/07\/ccc-1-300x198.jpg 300w, https:\/\/focotocantinense.com.br\/wp-content\/uploads\/2023\/07\/ccc-1-768x507.jpg 768w, https:\/\/focotocantinense.com.br\/wp-content\/uploads\/2023\/07\/ccc-1-1536x1014.jpg 1536w, https:\/\/focotocantinense.com.br\/wp-content\/uploads\/2023\/07\/ccc-1-310x205.jpg 310w, https:\/\/focotocantinense.com.br\/wp-content\/uploads\/2023\/07\/ccc-1.jpg 1600w\" sizes=\"auto, (max-width: 1024px) 100vw, 1024px\" \/><\/figure>\n\n\n\n<p>Vin\u00edcius Martins demonstrou seu talento no palco de Gurupi, proporcionando uma noite repleta de risos e divers\u00e3o. Seu show de humor n\u00e3o apenas entret\u00e9m, mas tamb\u00e9m contribui para a\u00e7\u00e3o social, mostrando a import\u00e2ncia de unir arte e solidariedade.<\/p>\n\n\n\n<figure class=\"wp-block-image size-large\"><img loading=\"lazy\" decoding=\"async\" width=\"1024\" height=\"692\" src=\"https:\/\/focotocantinense.com.br\/wp-content\/uploads\/2023\/07\/iiii-1024x692.jpg\" alt=\"\" class=\"wp-image-5434\" srcset=\"https:\/\/focotocantinense.com.br\/wp-content\/uploads\/2023\/07\/iiii-1024x692.jpg 1024w, https:\/\/focotocantinense.com.br\/wp-content\/uploads\/2023\/07\/iiii-300x203.jpg 300w, https:\/\/focotocantinense.com.br\/wp-content\/uploads\/2023\/07\/iiii-768x519.jpg 768w, https:\/\/focotocantinense.com.br\/wp-content\/uploads\/2023\/07\/iiii-1536x1039.jpg 1536w, https:\/\/focotocantinense.com.br\/wp-content\/uploads\/2023\/07\/iiii-110x75.jpg 110w, https:\/\/focotocantinense.com.br\/wp-content\/uploads\/2023\/07\/iiii.jpg 1600w\" sizes=\"auto, (max-width: 1024px) 100vw, 1024px\" \/><\/figure>\n\n\n\n<p>O humorista ressaltou que esse show faz parte de um projeto que percorrer\u00e1 diversas cidades tocantinenses, com o objetivo de formar plateia e proporcionar \u00e0 comunidade o acesso a espet\u00e1culos culturais. Em agosto, Vin\u00edcius se apresentar\u00e1 em Tocant\u00ednia e Porto Nacional, levando seu talento e alegria a mais pessoas.<\/p>\n\n\n\n<figure class=\"wp-block-image size-full\"><img loading=\"lazy\" decoding=\"async\" width=\"1024\" height=\"675\" src=\"https:\/\/focotocantinense.com.br\/wp-content\/uploads\/2023\/07\/ggg.jpg\" alt=\"\" class=\"wp-image-5431\" srcset=\"https:\/\/focotocantinense.com.br\/wp-content\/uploads\/2023\/07\/ggg.jpg 1024w, https:\/\/focotocantinense.com.br\/wp-content\/uploads\/2023\/07\/ggg-300x198.jpg 300w, https:\/\/focotocantinense.com.br\/wp-content\/uploads\/2023\/07\/ggg-768x506.jpg 768w, https:\/\/focotocantinense.com.br\/wp-content\/uploads\/2023\/07\/ggg-310x205.jpg 310w\" sizes=\"auto, (max-width: 1024px) 100vw, 1024px\" \/><\/figure>\n\n\n\n<p>Vin\u00edcius Martins demonstrou seu talento no palco de Gurupi, proporcionando uma noite repleta de risos e divers\u00e3o. Seu show de humor n\u00e3o apenas entret\u00e9m, mas tamb\u00e9m contribui para a\u00e7\u00e3o social, mostrando a import\u00e2ncia de unir arte e solidariedade.<\/p>\n","protected":false},"excerpt":{"rendered":"<p>O humorista tocantinense apresentou seu espet\u00e1culo \u201cS\u00f3 Riso Show de Humor\u201d com foco social e divers\u00e3o garantida Por Jonas Amaral O talentoso ator e humorista tocantinense Vin\u00edcius Martins encantou o p\u00fablico de Gurupi na noite desta quinta-feira, 06 de julho, com a estreia de seu novo show de humor. Realizado no Centro Cultural Mauro Cunha, &hellip;<\/p>\n","protected":false},"author":5,"featured_media":5414,"comment_status":"open","ping_status":"open","sticky":false,"template":"","format":"standard","meta":{"footnotes":""},"categories":[38],"tags":[],"class_list":["post-5413","post","type-post","status-publish","format-standard","has-post-thumbnail","","category-gurupi"],"_links":{"self":[{"href":"https:\/\/focotocantinense.com.br\/index.php?rest_route=\/wp\/v2\/posts\/5413","targetHints":{"allow":["GET"]}}],"collection":[{"href":"https:\/\/focotocantinense.com.br\/index.php?rest_route=\/wp\/v2\/posts"}],"about":[{"href":"https:\/\/focotocantinense.com.br\/index.php?rest_route=\/wp\/v2\/types\/post"}],"author":[{"embeddable":true,"href":"https:\/\/focotocantinense.com.br\/index.php?rest_route=\/wp\/v2\/users\/5"}],"replies":[{"embeddable":true,"href":"https:\/\/focotocantinense.com.br\/index.php?rest_route=%2Fwp%2Fv2%2Fcomments&post=5413"}],"version-history":[{"count":10,"href":"https:\/\/focotocantinense.com.br\/index.php?rest_route=\/wp\/v2\/posts\/5413\/revisions"}],"predecessor-version":[{"id":5435,"href":"https:\/\/focotocantinense.com.br\/index.php?rest_route=\/wp\/v2\/posts\/5413\/revisions\/5435"}],"wp:featuredmedia":[{"embeddable":true,"href":"https:\/\/focotocantinense.com.br\/index.php?rest_route=\/wp\/v2\/media\/5414"}],"wp:attachment":[{"href":"https:\/\/focotocantinense.com.br\/index.php?rest_route=%2Fwp%2Fv2%2Fmedia&parent=5413"}],"wp:term":[{"taxonomy":"category","embeddable":true,"href":"https:\/\/focotocantinense.com.br\/index.php?rest_route=%2Fwp%2Fv2%2Fcategories&post=5413"},{"taxonomy":"post_tag","embeddable":true,"href":"https:\/\/focotocantinense.com.br\/index.php?rest_route=%2Fwp%2Fv2%2Ftags&post=5413"}],"curies":[{"name":"wp","href":"https:\/\/api.w.org\/{rel}","templated":true}]}}